{"id":16673,"date":"2021-06-17T12:16:33","date_gmt":"2021-06-17T12:16:33","guid":{"rendered":"https:\/\/oparanews.com.br\/?p=16673"},"modified":"2021-06-17T12:16:33","modified_gmt":"2021-06-17T12:16:33","slug":"sancionado-rateio-do-fundeb-para-professores-e-demais-servidores-de-maceio","status":"publish","type":"post","link":"https:\/\/www.oparanews.com.br\/index.php\/2021\/06\/17\/sancionado-rateio-do-fundeb-para-professores-e-demais-servidores-de-maceio\/","title":{"rendered":"Sancionado rateio do Fundeb para professores e demais servidores de Macei\u00f3"},"content":{"rendered":"<p>O prefeito de Macei\u00f3, JHC (PSB), sancionou nesta quarta-feira (16) o projeto de lei sobre o rateio das sobras de recursos do Fundo de Manuten\u00e7\u00e3o e Desenvolvimento da Educa\u00e7\u00e3o B\u00e1sica e de Valoriza\u00e7\u00e3o dos Profissionais da Educa\u00e7\u00e3o (Fundeb). O valor soma R$ 180 milh\u00f5es para ser distribu\u00eddo entre professores e demais servidores.<\/p>\n<p>O projeto havia sido enviado \u00e0 C\u00e2mara pelo prefeito no m\u00eas passado e passou a tramitar em car\u00e1cter de urg\u00eancia. Ele foi aprovado em uma sess\u00e3o ordin\u00e1ria no \u00faltimo dia 2.<\/p>\n<p>Pela lei, os servidores administrativos poder\u00e3o ser pagos com os juros gerados pelos 60% que s\u00e3o de direito dos professores da rede municipal. Os outros 40%, que correspondem a R$ 120 milh\u00f5es, de responsabilidade do Executivo, foram separados ainda no ano passado para investimento na rede.<\/p>\n<p>Houve uma altera\u00e7\u00e3o no projeto original, que n\u00e3o inclu\u00eda os servidores das escolas que ficam na \u00e1rea administrativa. O texto enviado pela C\u00e2mara incluiu esses profissionais.<\/p>\n<p>\u201cO projeto de lei foi aprovado por unanimidade e agora n\u00f3s estamos sancionando para que a gente possa, na Justi\u00e7a, fazer esse acordo e, logo em breve, conseguir o rateio, assegurando assim que a Constitui\u00e7\u00e3o Federal seja preservada. Que a gente consiga fazer valer a lei, fazer justi\u00e7a\u201d, disse JHC.<\/p>\n<p>&nbsp;<\/p>\n<p><strong>Fonte: G1\/AL<\/strong><\/p>\n<p>&nbsp;<\/p>\n","protected":false},"excerpt":{"rendered":"<p>O prefeito de Macei\u00f3, JHC (PSB), sancionou nesta quarta-feira (16) o projeto de lei sobre o rateio das sobras de recursos do Fundo de Manuten\u00e7\u00e3o e Desenvolvimento da Educa\u00e7\u00e3o B\u00e1sica e de Valoriza\u00e7\u00e3o dos Profissionais da Educa\u00e7\u00e3o (Fundeb). O valor soma R$ 180 milh\u00f5es para ser distribu\u00eddo entre professores e demais servidores. O projeto havia &hellip;<\/p>\n","protected":false},"author":1,"featured_media":16674,"comment_status":"closed","ping_status":"closed","sticky":false,"template":"","format":"standard","meta":{"_jetpack_newsletter_access":"","_jetpack_dont_email_post_to_subs":false,"_jetpack_newsletter_tier_id":0,"_jetpack_memberships_contains_paywalled_content":false,"_jetpack_memberships_contains_paid_content":false,"footnotes":""},"categories":[1],"tags":[],"class_list":["post-16673","post","type-post","status-publish","format-standard","has-post-thumbnail","hentry","category-destaque"],"jetpack_sharing_enabled":true,"jetpack_featured_media_url":"","_links":{"self":[{"href":"https:\/\/www.oparanews.com.br\/index.php\/wp-json\/wp\/v2\/posts\/16673","targetHints":{"allow":["GET"]}}],"collection":[{"href":"https:\/\/www.oparanews.com.br\/index.php\/wp-json\/wp\/v2\/posts"}],"about":[{"href":"https:\/\/www.oparanews.com.br\/index.php\/wp-json\/wp\/v2\/types\/post"}],"author":[{"embeddable":true,"href":"https:\/\/www.oparanews.com.br\/index.php\/wp-json\/wp\/v2\/users\/1"}],"replies":[{"embeddable":true,"href":"https:\/\/www.oparanews.com.br\/index.php\/wp-json\/wp\/v2\/comments?post=16673"}],"version-history":[{"count":0,"href":"https:\/\/www.oparanews.com.br\/index.php\/wp-json\/wp\/v2\/posts\/16673\/revisions"}],"wp:attachment":[{"href":"https:\/\/www.oparanews.com.br\/index.php\/wp-json\/wp\/v2\/media?parent=16673"}],"wp:term":[{"taxonomy":"category","embeddable":true,"href":"https:\/\/www.oparanews.com.br\/index.php\/wp-json\/wp\/v2\/categories?post=16673"},{"taxonomy":"post_tag","embeddable":true,"href":"https:\/\/www.oparanews.com.br\/index.php\/wp-json\/wp\/v2\/tags?post=16673"}],"curies":[{"name":"wp","href":"https:\/\/api.w.org\/{rel}","templated":true}]}}