{"id":16683,"date":"2021-06-17T19:05:35","date_gmt":"2021-06-17T19:05:35","guid":{"rendered":"https:\/\/oparanews.com.br\/?p=16683"},"modified":"2021-06-17T19:05:35","modified_gmt":"2021-06-17T19:05:35","slug":"globo-anuncia-saida-de-faustao-leifert-assume-o-domingo","status":"publish","type":"post","link":"https:\/\/www.oparanews.com.br\/index.php\/2021\/06\/17\/globo-anuncia-saida-de-faustao-leifert-assume-o-domingo\/","title":{"rendered":"Globo anuncia sa\u00edda de Faust\u00e3o; Leifert assume o domingo"},"content":{"rendered":"<p>Fausto Silva n\u00e3o voltar\u00e1 mais a apresentar o \u2018Doming\u00e3o do Faust\u00e3o\u2019 Ap\u00f3s desfalcar o comando da atra\u00e7\u00e3o no \u00faltimo domingo por problemas de sa\u00fade, a Globo resolveu antecipar a sa\u00edda do apresentador e anunciou que chegou a um acordo para formalizar o seu distrato. O v\u00ednculo de Faust\u00e3o com a emissora da fam\u00edlia Marinho era at\u00e9 o final do ano. Ele j\u00e1 tem acordo com a Band para 2022.<\/p>\n<p>Em comunicado, a Globo explica que a decis\u00e3o foi motivada por \u201craz\u00f5es estrat\u00e9gicas e internas&#8221;. A nota ainda informa que \u201cTiago Leifert estar\u00e1 \u00e0 frente das tardes de domingo da TV Globo, at\u00e9 a estreia do novo projeto em desenvolvimento com Luciano Huck\u201d.<\/p>\n<p>Na tarde de quarta-feira, Luciana Cardoso, mulher de Faust\u00e3o, falou sobre o estado de sa\u00fade do comunicador e disse que ele estava pronto para voltar a trabalhar no pr\u00f3ximo domingo. \u201cObrigada por todas as mensagens. Fausto j\u00e1 est\u00e1 \u00f3timo e pronto pro pr\u00f3ximo Doming\u00e3o na sua televis\u00e3o\u201d, escreveu.<\/p>\n<p>Em entrevista ao \u2018Conversa com Bial\u2019 na ter\u00e7a-feira, Luciano Huck confirmou que iria assumir os domingos da TV Globo no pr\u00f3ximo ano, descartando qualquer chance de abandonar a carreira art\u00edstica para concorrer ao cargo de presidente da Rep\u00fablica.<\/p>\n<p>Leia o comunicado da Globo na \u00edntegra:<\/p>\n<p><em>O apresentador Tiago Leifert estar\u00e1 \u00e0 frente das tardes de domingo da TV Globo, at\u00e9 a estreia do novo projeto em desenvolvimento com Luciano Huck. Por raz\u00f5es estrat\u00e9gicas e internas, a Globo tomou a decis\u00e3o de antecipar a sa\u00edda de Fausto Silva do programa, e juntos decidiram formalizar o distrato.<\/em><\/p>\n<p><em>Neste domingo, dia 20, vai ao ar a \u00faltima rodada do mata-mata do \u2018Super Dan\u00e7a dos Famosos\u2019. O quadro revelar\u00e1 quem se juntar\u00e1 ao grupo de semifinalistas, que j\u00e1 conta com Maria Joana, Marcello Melo Jr, Paolla Oliveira, Lucy Ramos e Dandara Mariana.<\/em><\/p>\n<p><em>Dan\u00e7ando os ritmos forr\u00f3 e rock, tr\u00eas casais se apresentam para garantir vaga na semifinal: a atriz Christiane Torloni, vencedora da edi\u00e7\u00e3o de 2008 do quadro, com o professor \u00c1lvaro Reys; o ator Odilon Wagner, que ficou em terceiro lugar em 2011, com a bailarina Yasmin Marinho; e o ator Tiago Abravanel, terceiro colocado de 2013. Devido a uma les\u00e3o de Nathalia Zannin, Tiago dan\u00e7a com Brennda Martins, que j\u00e1 esteve como professora no \u2018Dan\u00e7a dos famosos\u2019 em 2018 e 2020.<\/em><\/p>\n<p><em>J\u00e1 na pr\u00f3xima semana come\u00e7a a fase de repescagem, em que os outros nomes da competi\u00e7\u00e3o ainda n\u00e3o classificados para a semifinal tentam voltar ao jogo. S\u00e3o eles: Mariana Santos, Claudia Ohana, Rodrigo Simas, Juliana Didone, Arthur Aguiar, Viviane Ara\u00fajo, Carmo Dalla Vecchia, Nelson Freitas, Sophia Abrah\u00e3o e Robson Caetano.<\/em><\/p>\n<p>&nbsp;<\/p>\n<p><strong>Fonte: Terra<\/strong><\/p>\n<p>&nbsp;<\/p>\n","protected":false},"excerpt":{"rendered":"<p>Fausto Silva n\u00e3o voltar\u00e1 mais a apresentar o \u2018Doming\u00e3o do Faust\u00e3o\u2019 Ap\u00f3s desfalcar o comando da atra\u00e7\u00e3o no \u00faltimo domingo por problemas de sa\u00fade, a Globo resolveu antecipar a sa\u00edda do apresentador e anunciou que chegou a um acordo para formalizar o seu distrato. O v\u00ednculo de Faust\u00e3o com a emissora da fam\u00edlia Marinho era &hellip;<\/p>\n","protected":false},"author":1,"featured_media":16684,"comment_status":"closed","ping_status":"closed","sticky":false,"template":"","format":"standard","meta":{"_jetpack_newsletter_access":"","_jetpack_dont_email_post_to_subs":false,"_jetpack_newsletter_tier_id":0,"_jetpack_memberships_contains_paywalled_content":false,"_jetpack_memberships_contains_paid_content":false,"footnotes":""},"categories":[1],"tags":[],"class_list":["post-16683","post","type-post","status-publish","format-standard","has-post-thumbnail","hentry","category-destaque"],"jetpack_sharing_enabled":true,"jetpack_featured_media_url":"","_links":{"self":[{"href":"https:\/\/www.oparanews.com.br\/index.php\/wp-json\/wp\/v2\/posts\/16683","targetHints":{"allow":["GET"]}}],"collection":[{"href":"https:\/\/www.oparanews.com.br\/index.php\/wp-json\/wp\/v2\/posts"}],"about":[{"href":"https:\/\/www.oparanews.com.br\/index.php\/wp-json\/wp\/v2\/types\/post"}],"author":[{"embeddable":true,"href":"https:\/\/www.oparanews.com.br\/index.php\/wp-json\/wp\/v2\/users\/1"}],"replies":[{"embeddable":true,"href":"https:\/\/www.oparanews.com.br\/index.php\/wp-json\/wp\/v2\/comments?post=16683"}],"version-history":[{"count":0,"href":"https:\/\/www.oparanews.com.br\/index.php\/wp-json\/wp\/v2\/posts\/16683\/revisions"}],"wp:attachment":[{"href":"https:\/\/www.oparanews.com.br\/index.php\/wp-json\/wp\/v2\/media?parent=16683"}],"wp:term":[{"taxonomy":"category","embeddable":true,"href":"https:\/\/www.oparanews.com.br\/index.php\/wp-json\/wp\/v2\/categories?post=16683"},{"taxonomy":"post_tag","embeddable":true,"href":"https:\/\/www.oparanews.com.br\/index.php\/wp-json\/wp\/v2\/tags?post=16683"}],"curies":[{"name":"wp","href":"https:\/\/api.w.org\/{rel}","templated":true}]}}