{"id":16686,"date":"2021-06-17T19:08:14","date_gmt":"2021-06-17T19:08:14","guid":{"rendered":"https:\/\/oparanews.com.br\/?p=16686"},"modified":"2021-06-17T19:08:14","modified_gmt":"2021-06-17T19:08:14","slug":"stjd-nega-pedido-do-flamengo-para-paralisar-o-brasileiro","status":"publish","type":"post","link":"https:\/\/www.oparanews.com.br\/index.php\/2021\/06\/17\/stjd-nega-pedido-do-flamengo-para-paralisar-o-brasileiro\/","title":{"rendered":"STJD nega pedido do Flamengo para paralisar o Brasileiro"},"content":{"rendered":"<p>O Flamengo n\u00e3o obteve \u00eaxito no Tribunal Pleno do Superior Tribunal de Justi\u00e7a Desportiva (STJD). Nesta quinta-feira, o pedido feito pelo Flamengo de paralisa\u00e7\u00e3o do Campeonato Brasileiro, por conta de desfalques na Data Fifa, mais precisamente pela convoca\u00e7\u00e3o de quatro jogadores para a Copa Am\u00e9rica, foi negado por unanimidade (9 votos a 0).<\/p>\n<p>Os atletas convocados s\u00e3o Everton Ribeiro e Gabigol, pela Sele\u00e7\u00e3o Brasileira, Isla, pela chilena, e Arrascaeta, que defende a uruguaia. O Flamengo, representado pelo advogado Michel Asseff Filho, esperava que o Brasileiro fosse paralisado durante a realiza\u00e7\u00e3o do torneio continental, cuja sede \u00e9 o Brasil, por\u00e9m o artigo 10 do Regulamento Geral das Competi\u00e7\u00f5es da CBF pesou contra e foi determinante para o indeferimento.<\/p>\n<p>Parte do artigo diz o seguinte: &#8220;A convoca\u00e7\u00e3o de atletas para integrar sele\u00e7\u00f5es nacionais n\u00e3o assegura aos seus clubes o direito de alterar as datas de suas partidas em competi\u00e7\u00f5es&#8221;.<\/p>\n<p>Cabe lembrar que, na \u00faltima sexta-feira, o Flamengo teve a liminar indeferida pelo presidente do STJD, Ot\u00e1vio Noronha &#8211; que deixou a decis\u00e3o para o Pleno, em julgamento transmitido por v\u00eddeo confer\u00eancia nesta quinta e que teve o Doutor Jos\u00e9 Perdiz de Jesus como auditor relator.<\/p>\n<p>Perdiz destacou o impacto na pandemia de covid-19 no futebol, reconheceu que o Fla tamb\u00e9m sofreu preju\u00edzos, mas ressaltou o argumento da CBF acerca da anu\u00eancia anterior dos clubes sobre o calend\u00e1rio.<\/p>\n<p>&nbsp;<\/p>\n<p><strong>Fonte: Lance<\/strong><\/p>\n<p>&nbsp;<\/p>\n","protected":false},"excerpt":{"rendered":"<p>O Flamengo n\u00e3o obteve \u00eaxito no Tribunal Pleno do Superior Tribunal de Justi\u00e7a Desportiva (STJD). Nesta quinta-feira, o pedido feito pelo Flamengo de paralisa\u00e7\u00e3o do Campeonato Brasileiro, por conta de desfalques na Data Fifa, mais precisamente pela convoca\u00e7\u00e3o de quatro jogadores para a Copa Am\u00e9rica, foi negado por unanimidade (9 votos a 0). Os atletas &hellip;<\/p>\n","protected":false},"author":1,"featured_media":16687,"comment_status":"closed","ping_status":"closed","sticky":false,"template":"","format":"standard","meta":{"_jetpack_newsletter_access":"","_jetpack_dont_email_post_to_subs":false,"_jetpack_newsletter_tier_id":0,"_jetpack_memberships_contains_paywalled_content":false,"_jetpack_memberships_contains_paid_content":false,"footnotes":""},"categories":[1],"tags":[],"class_list":["post-16686","post","type-post","status-publish","format-standard","has-post-thumbnail","hentry","category-destaque"],"jetpack_sharing_enabled":true,"jetpack_featured_media_url":"","_links":{"self":[{"href":"https:\/\/www.oparanews.com.br\/index.php\/wp-json\/wp\/v2\/posts\/16686","targetHints":{"allow":["GET"]}}],"collection":[{"href":"https:\/\/www.oparanews.com.br\/index.php\/wp-json\/wp\/v2\/posts"}],"about":[{"href":"https:\/\/www.oparanews.com.br\/index.php\/wp-json\/wp\/v2\/types\/post"}],"author":[{"embeddable":true,"href":"https:\/\/www.oparanews.com.br\/index.php\/wp-json\/wp\/v2\/users\/1"}],"replies":[{"embeddable":true,"href":"https:\/\/www.oparanews.com.br\/index.php\/wp-json\/wp\/v2\/comments?post=16686"}],"version-history":[{"count":0,"href":"https:\/\/www.oparanews.com.br\/index.php\/wp-json\/wp\/v2\/posts\/16686\/revisions"}],"wp:attachment":[{"href":"https:\/\/www.oparanews.com.br\/index.php\/wp-json\/wp\/v2\/media?parent=16686"}],"wp:term":[{"taxonomy":"category","embeddable":true,"href":"https:\/\/www.oparanews.com.br\/index.php\/wp-json\/wp\/v2\/categories?post=16686"},{"taxonomy":"post_tag","embeddable":true,"href":"https:\/\/www.oparanews.com.br\/index.php\/wp-json\/wp\/v2\/tags?post=16686"}],"curies":[{"name":"wp","href":"https:\/\/api.w.org\/{rel}","templated":true}]}}