{"id":16689,"date":"2021-06-17T23:47:39","date_gmt":"2021-06-17T23:47:39","guid":{"rendered":"https:\/\/oparanews.com.br\/?p=16689"},"modified":"2021-06-17T23:47:39","modified_gmt":"2021-06-17T23:47:39","slug":"ricardo-araujo-e-empossado-superintendente-de-iluminacao-publica-de-penedo","status":"publish","type":"post","link":"https:\/\/www.oparanews.com.br\/index.php\/2021\/06\/17\/ricardo-araujo-e-empossado-superintendente-de-iluminacao-publica-de-penedo\/","title":{"rendered":"Ricardo Ara\u00fajo \u00e9 empossado Superintendente de Ilumina\u00e7\u00e3o P\u00fablica de Penedo"},"content":{"rendered":"<p>O Prefeito Ronaldo Lopes deu posse ao Superintendente de Ilumina\u00e7\u00e3o P\u00fablica de Penedo na tarde desta quinta-feira, 17.<\/p>\n<p>O setor criado recentemente para dar mais celeridade aos servi\u00e7os ser\u00e1 dirigido por Ricardo G\u00f3es Ara\u00fajo, ex-secret\u00e1rio municipal de Agricultura e ex-gestor da SMTT Penedo.<\/p>\n<p>\u201cPens\u00e1vamos que j\u00e1 t\u00ednhamos dado nossa contribui\u00e7\u00e3o ao munic\u00edpio de Penedo durante os oito anos do governo de Marcius e Ronaldo, mas o amigo Ronaldo nos convidou e trabalharemos juntos para desenvolver o setor\u201d, declarou Ricardo Ara\u00fajo em seu pronunciamento.<\/p>\n<p>A solenidade de posse foi realizada no Gabinete do Prefeito Ronaldo Lopes, prestigiada por membros do primeiro escal\u00e3o da gest\u00e3o Crescendo Com Seu Povo e vereadores penedenses.<\/p>\n<p><strong>SIPE<\/strong><\/p>\n<p>Ricardo Ara\u00fajo vai administrar as a\u00e7\u00f5es que deixar\u00e3o de ser de responsabilidade da Secretaria Municipal de Servi\u00e7os P\u00fablicos. Com a institui\u00e7\u00e3o da Superintend\u00eancia de Ilumina\u00e7\u00e3o P\u00fablica de Penedo (SIPE), o planejamento e a execu\u00e7\u00e3o dos programas ter\u00e3o mais agilidade e autonomia.<\/p>\n<p>\u201cN\u00f3s verificamos que precis\u00e1vamos fazer um grande trabalho no setor de ilumina\u00e7\u00e3o p\u00fablica e j\u00e1 estamos fazendo, mas n\u00e3o teria como avan\u00e7ar muito com ele ainda vinculado \u00e0 Secretaria de Servi\u00e7os P\u00fablicos\u201d, explicou o Prefeito Ronaldo Lopes.<\/p>\n<p>O Prefeito de Penedo destacou tamb\u00e9m a experi\u00eancia e a compet\u00eancia de Ricardo Ara\u00fajo, conforme testemunhou durante os oitos anos de trabalho no governo do qual foi vice-prefeito.<\/p>\n<p>\u201cAgora temos uma estrutura \u00e0 altura do que pretendemos fazer em Penedo\u201d, acrescentou Ronaldo Lopes, agradecendo o apoio da C\u00e2mara de Vereadores para o desenvolvimento do munic\u00edpio que ser\u00e1 totalmente iluminado com l\u00e2mpadas de LED.<\/p>\n<p>O investimento iniciado em parceria com a Equatorial Energia viabilizou 1.219 lumin\u00e1rias mais econ\u00f4micas, potentes e duradouras do que as l\u00e2mpadas de vapor.<\/p>\n<p>Com a economia gerada a partir desse ganho em efici\u00eancia energ\u00e9tica, a SIPE ter\u00e1 recursos pr\u00f3prios para dar continuidade ao trabalho que atender\u00e1 Penedo, por completo, no prazo m\u00e1ximo de 3 anos.<\/p>\n<p>&nbsp;<\/p>\n<p><strong>por Fernando Vin\u00edcius \u2013 Decom PMP<\/strong><\/p>\n<p>&nbsp;<\/p>\n","protected":false},"excerpt":{"rendered":"<p>O Prefeito Ronaldo Lopes deu posse ao Superintendente de Ilumina\u00e7\u00e3o P\u00fablica de Penedo na tarde desta quinta-feira, 17. O setor criado recentemente para dar mais celeridade aos servi\u00e7os ser\u00e1 dirigido por Ricardo G\u00f3es Ara\u00fajo, ex-secret\u00e1rio municipal de Agricultura e ex-gestor da SMTT Penedo. \u201cPens\u00e1vamos que j\u00e1 t\u00ednhamos dado nossa contribui\u00e7\u00e3o ao munic\u00edpio de Penedo durante &hellip;<\/p>\n","protected":false},"author":1,"featured_media":16690,"comment_status":"closed","ping_status":"closed","sticky":false,"template":"","format":"standard","meta":{"_jetpack_newsletter_access":"","_jetpack_dont_email_post_to_subs":false,"_jetpack_newsletter_tier_id":0,"_jetpack_memberships_contains_paywalled_content":false,"_jetpack_memberships_contains_paid_content":false,"footnotes":""},"categories":[1],"tags":[],"class_list":["post-16689","post","type-post","status-publish","format-standard","has-post-thumbnail","hentry","category-destaque"],"jetpack_sharing_enabled":true,"jetpack_featured_media_url":"","_links":{"self":[{"href":"https:\/\/www.oparanews.com.br\/index.php\/wp-json\/wp\/v2\/posts\/16689","targetHints":{"allow":["GET"]}}],"collection":[{"href":"https:\/\/www.oparanews.com.br\/index.php\/wp-json\/wp\/v2\/posts"}],"about":[{"href":"https:\/\/www.oparanews.com.br\/index.php\/wp-json\/wp\/v2\/types\/post"}],"author":[{"embeddable":true,"href":"https:\/\/www.oparanews.com.br\/index.php\/wp-json\/wp\/v2\/users\/1"}],"replies":[{"embeddable":true,"href":"https:\/\/www.oparanews.com.br\/index.php\/wp-json\/wp\/v2\/comments?post=16689"}],"version-history":[{"count":0,"href":"https:\/\/www.oparanews.com.br\/index.php\/wp-json\/wp\/v2\/posts\/16689\/revisions"}],"wp:attachment":[{"href":"https:\/\/www.oparanews.com.br\/index.php\/wp-json\/wp\/v2\/media?parent=16689"}],"wp:term":[{"taxonomy":"category","embeddable":true,"href":"https:\/\/www.oparanews.com.br\/index.php\/wp-json\/wp\/v2\/categories?post=16689"},{"taxonomy":"post_tag","embeddable":true,"href":"https:\/\/www.oparanews.com.br\/index.php\/wp-json\/wp\/v2\/tags?post=16689"}],"curies":[{"name":"wp","href":"https:\/\/api.w.org\/{rel}","templated":true}]}}