{"id":16703,"date":"2021-06-18T13:05:01","date_gmt":"2021-06-18T13:05:01","guid":{"rendered":"https:\/\/oparanews.com.br\/?p=16703"},"modified":"2021-06-18T13:05:01","modified_gmt":"2021-06-18T13:05:01","slug":"rio-vai-vacinar-todos-os-adultos-ate-fim-de-agosto","status":"publish","type":"post","link":"https:\/\/www.oparanews.com.br\/index.php\/2021\/06\/18\/rio-vai-vacinar-todos-os-adultos-ate-fim-de-agosto\/","title":{"rendered":"Rio vai vacinar todos os adultos at\u00e9 fim de agosto"},"content":{"rendered":"<p>O prefeito do Rio, Eduardo Paes (PSD), anunciou no in\u00edcio da manh\u00e3 desta sexta-feira, 18, que a capital fluminense &#8220;ir\u00e1 antecipar em um m\u00eas e 21 dias&#8221; o cronograma de vacina\u00e7\u00e3o na cidade. Assim, todos os cariocas com mais de 18 anos ser\u00e3o imunizados com a primeira dose contra a covid-19 at\u00e9 31 de agosto.<\/p>\n<p>No mesmo an\u00fancio, feito ao lado do ministro da Sa\u00fade, Marcelo Queiroga, Paes afirmou que o Rio ser\u00e1 a primeira cidade do Pa\u00eds a vacinar seus adolescentes.<\/p>\n<p>Com a antecipa\u00e7\u00e3o do cronograma em 51 dias, a inten\u00e7\u00e3o \u00e9 vacinar adolescentes de 12 a 17 anos j\u00e1 a partir de setembro. &#8220;Essa \u00e9 a rinha boa&#8221;, afirmou o prefeito, fazendo refer\u00eancia a uma brincadeira que surgiu nas redes sociais sobre a &#8220;rinha de vacinas&#8221;, em que prefeitos e governadores duelam para ver quem vacina mais r\u00e1pido sua popula\u00e7\u00e3o.<\/p>\n<p>A cidade j\u00e1 vacinou com a primeira dose metade da popula\u00e7\u00e3o adulta, quase 2,7 milh\u00f5es de pessoas. &#8220;Com certeza vamos ter sim carnaval em 2022&#8221;, disse Paes.<\/p>\n<p>&nbsp;<\/p>\n<p><strong>Fonte: Terra<\/strong><\/p>\n<p>&nbsp;<\/p>\n","protected":false},"excerpt":{"rendered":"<p>O prefeito do Rio, Eduardo Paes (PSD), anunciou no in\u00edcio da manh\u00e3 desta sexta-feira, 18, que a capital fluminense &#8220;ir\u00e1 antecipar em um m\u00eas e 21 dias&#8221; o cronograma de vacina\u00e7\u00e3o na cidade. Assim, todos os cariocas com mais de 18 anos ser\u00e3o imunizados com a primeira dose contra a covid-19 at\u00e9 31 de agosto. &hellip;<\/p>\n","protected":false},"author":1,"featured_media":16704,"comment_status":"closed","ping_status":"closed","sticky":false,"template":"","format":"standard","meta":{"_jetpack_newsletter_access":"","_jetpack_dont_email_post_to_subs":false,"_jetpack_newsletter_tier_id":0,"_jetpack_memberships_contains_paywalled_content":false,"_jetpack_memberships_contains_paid_content":false,"footnotes":""},"categories":[1],"tags":[],"class_list":["post-16703","post","type-post","status-publish","format-standard","has-post-thumbnail","hentry","category-destaque"],"jetpack_sharing_enabled":true,"jetpack_featured_media_url":"","_links":{"self":[{"href":"https:\/\/www.oparanews.com.br\/index.php\/wp-json\/wp\/v2\/posts\/16703","targetHints":{"allow":["GET"]}}],"collection":[{"href":"https:\/\/www.oparanews.com.br\/index.php\/wp-json\/wp\/v2\/posts"}],"about":[{"href":"https:\/\/www.oparanews.com.br\/index.php\/wp-json\/wp\/v2\/types\/post"}],"author":[{"embeddable":true,"href":"https:\/\/www.oparanews.com.br\/index.php\/wp-json\/wp\/v2\/users\/1"}],"replies":[{"embeddable":true,"href":"https:\/\/www.oparanews.com.br\/index.php\/wp-json\/wp\/v2\/comments?post=16703"}],"version-history":[{"count":0,"href":"https:\/\/www.oparanews.com.br\/index.php\/wp-json\/wp\/v2\/posts\/16703\/revisions"}],"wp:attachment":[{"href":"https:\/\/www.oparanews.com.br\/index.php\/wp-json\/wp\/v2\/media?parent=16703"}],"wp:term":[{"taxonomy":"category","embeddable":true,"href":"https:\/\/www.oparanews.com.br\/index.php\/wp-json\/wp\/v2\/categories?post=16703"},{"taxonomy":"post_tag","embeddable":true,"href":"https:\/\/www.oparanews.com.br\/index.php\/wp-json\/wp\/v2\/tags?post=16703"}],"curies":[{"name":"wp","href":"https:\/\/api.w.org\/{rel}","templated":true}]}}