{"id":16717,"date":"2021-06-19T00:26:20","date_gmt":"2021-06-19T00:26:20","guid":{"rendered":"https:\/\/oparanews.com.br\/?p=16717"},"modified":"2021-06-19T00:26:20","modified_gmt":"2021-06-19T00:26:20","slug":"base-de-apoio-ao-prefeito-ronaldo-lopes-e-ampliada-na-camara-de-vereadores","status":"publish","type":"post","link":"https:\/\/www.oparanews.com.br\/index.php\/2021\/06\/19\/base-de-apoio-ao-prefeito-ronaldo-lopes-e-ampliada-na-camara-de-vereadores\/","title":{"rendered":"Base de apoio ao Prefeito Ronaldo Lopes \u00e9 ampliada na C\u00e2mara de Vereadores"},"content":{"rendered":"<p>O bloco parlamentar de apoio ao Prefeito Ronaldo Lopes ganhou a ades\u00e3o de mais dois vereadores penedenses. A bancada que j\u00e1 tem ampla maioria entre os 15 representantes do povo no Poder Legislativo Municipal passa a ser composta por 13 integrantes.<\/p>\n<p>A base governista ganhou a ades\u00e3o dos vereadores Roberto da Farm\u00e1cia (Paulo Roberto Ferreira) e Sargento Marival (Marival Oliveira), ambos eleitos pelo Partido Progressista (PP).<\/p>\n<p>Os mais novos integrantes da situa\u00e7\u00e3o participaram de reuni\u00e3o com o Prefeito Ronaldo Lopes ontem (quinta-feira, 17), logo ap\u00f3s a sess\u00e3o da C\u00e2mara Municipal de Penedo que mant\u00e9m os trabalhos no plen\u00e1rio por meio de videoconfer\u00eancia devido a pandemia de Covid.<\/p>\n<p>O encontro foi realizado para tratar da concess\u00e3o dos servi\u00e7os de abastecimento de \u00e1gua e tratamento de esgoto por meio de concess\u00e3o, assunto debatido na manh\u00e3 de ontem por Ronaldo Lopes com servidores do SAAE Penedo.<\/p>\n<p>Al\u00e9m de Roberto da Farm\u00e1cia e do Sargento Marival, tamb\u00e9m participaram da reuni\u00e3o os edis Messias da Fil\u00f3 (Manoel Messias Lima\/l\u00edder do governo na casa legislativa), Marcelo Pereira, Dr. Epson Costa, Raquel Tavares, Derivan Thomaz, Bili Marques (Josu\u00e9 da Silva Marques), Irm\u00e3o Jo\u00e3o (Jo\u00e3o Ferreira da Silva) e o presidente da C\u00e2mara Municipal de Penedo, J\u00fanior do T\u00f3 (Ant\u00f4nio de Figueiredo Barbosa J\u00fanior).<\/p>\n<p>O parlamentar Val da Banana (Clodoval Sacramento Santos) tamb\u00e9m integra o bloco de situa\u00e7\u00e3o, mas n\u00e3o acompanhou a reuni\u00e3o, assim como os vereadores Cidoca (Alcides de Andrade Neto) e Rodrigo Regueira.<\/p>\n<p>&nbsp;<\/p>\n<p><strong>por Fernando Vin\u00edcius \u2013 Decom PMP<\/strong><\/p>\n<p>&nbsp;<\/p>\n","protected":false},"excerpt":{"rendered":"<p>O bloco parlamentar de apoio ao Prefeito Ronaldo Lopes ganhou a ades\u00e3o de mais dois vereadores penedenses. A bancada que j\u00e1 tem ampla maioria entre os 15 representantes do povo no Poder Legislativo Municipal passa a ser composta por 13 integrantes. A base governista ganhou a ades\u00e3o dos vereadores Roberto da Farm\u00e1cia (Paulo Roberto Ferreira) &hellip;<\/p>\n","protected":false},"author":1,"featured_media":16718,"comment_status":"closed","ping_status":"closed","sticky":false,"template":"","format":"standard","meta":{"_jetpack_newsletter_access":"","_jetpack_dont_email_post_to_subs":false,"_jetpack_newsletter_tier_id":0,"_jetpack_memberships_contains_paywalled_content":false,"_jetpack_memberships_contains_paid_content":false,"footnotes":""},"categories":[1],"tags":[],"class_list":["post-16717","post","type-post","status-publish","format-standard","has-post-thumbnail","hentry","category-destaque"],"jetpack_sharing_enabled":true,"jetpack_featured_media_url":"","_links":{"self":[{"href":"https:\/\/www.oparanews.com.br\/index.php\/wp-json\/wp\/v2\/posts\/16717","targetHints":{"allow":["GET"]}}],"collection":[{"href":"https:\/\/www.oparanews.com.br\/index.php\/wp-json\/wp\/v2\/posts"}],"about":[{"href":"https:\/\/www.oparanews.com.br\/index.php\/wp-json\/wp\/v2\/types\/post"}],"author":[{"embeddable":true,"href":"https:\/\/www.oparanews.com.br\/index.php\/wp-json\/wp\/v2\/users\/1"}],"replies":[{"embeddable":true,"href":"https:\/\/www.oparanews.com.br\/index.php\/wp-json\/wp\/v2\/comments?post=16717"}],"version-history":[{"count":0,"href":"https:\/\/www.oparanews.com.br\/index.php\/wp-json\/wp\/v2\/posts\/16717\/revisions"}],"wp:attachment":[{"href":"https:\/\/www.oparanews.com.br\/index.php\/wp-json\/wp\/v2\/media?parent=16717"}],"wp:term":[{"taxonomy":"category","embeddable":true,"href":"https:\/\/www.oparanews.com.br\/index.php\/wp-json\/wp\/v2\/categories?post=16717"},{"taxonomy":"post_tag","embeddable":true,"href":"https:\/\/www.oparanews.com.br\/index.php\/wp-json\/wp\/v2\/tags?post=16717"}],"curies":[{"name":"wp","href":"https:\/\/api.w.org\/{rel}","templated":true}]}}