{"id":16720,"date":"2021-06-19T00:27:40","date_gmt":"2021-06-19T00:27:40","guid":{"rendered":"https:\/\/oparanews.com.br\/?p=16720"},"modified":"2021-06-19T00:27:40","modified_gmt":"2021-06-19T00:27:40","slug":"prefeitura-de-penedo-decreta-ponto-facultativo-nos-dias-25-e-28-de-junho","status":"publish","type":"post","link":"https:\/\/www.oparanews.com.br\/index.php\/2021\/06\/19\/prefeitura-de-penedo-decreta-ponto-facultativo-nos-dias-25-e-28-de-junho\/","title":{"rendered":"Prefeitura de Penedo decreta ponto facultativo nos dias 25 e 28 de junho"},"content":{"rendered":"<p>A Prefeitura de Penedo publicou na edi\u00e7\u00e3o de hoje (sexta-feira, 18) do Di\u00e1rio Oficial do Munic\u00edpio o decreto N\u00ba 741\/2021, ato que decreta ponto facultativo nos dias 25 e 28 de junho nos \u00f3rg\u00e3os e entidades da administra\u00e7\u00e3o p\u00fablica.<\/p>\n<p>A medida assinada pelo Prefeito Ronaldo Prefeito Ronaldo Lopes leva em considera\u00e7\u00e3o as datas comemorativas referentes a S\u00e3o Jo\u00e3o e S\u00e3o Pedro. E tamb\u00e9m a necessidade de promover atos de efici\u00eancia que levem a economia de gastos<\/p>\n<p>O decreto referente ao ponto facultativo n\u00e3o se aplica aos plant\u00f5es necess\u00e1rios de atividades de car\u00e1ter essencial.<\/p>\n<p>Dessa forma, o decreto n\u00e3o se aplica aos servi\u00e7os da Secretaria Municipal de Servi\u00e7os P\u00fablicos, entre esses limpeza e ilumina\u00e7\u00e3o p\u00fablica; Secretaria Municipal de Sa\u00fade, incluindo servidores lotados na UPA (Unidade de Pronto Atendimento), setor de exames e consultas pr\u00e9-agendadas; al\u00e9m do Servi\u00e7o Aut\u00f4nomo de \u00c1gua e Esgoto (SAAE).<\/p>\n<p>Cabe aos dirigentes dos \u00f3rg\u00e3os e entidades municipais observar o funcionamento dos servi\u00e7os essenciais nos dias em que foi decretado ponto facultativo.<\/p>\n<p>Confira o decreto por meio do seguinte link.<\/p>\n<p>&nbsp;<\/p>\n<p><strong>por Thiago Sobral &#8211; Decom PMP<\/strong><\/p>\n<p>&nbsp;<\/p>\n","protected":false},"excerpt":{"rendered":"<p>A Prefeitura de Penedo publicou na edi\u00e7\u00e3o de hoje (sexta-feira, 18) do Di\u00e1rio Oficial do Munic\u00edpio o decreto N\u00ba 741\/2021, ato que decreta ponto facultativo nos dias 25 e 28 de junho nos \u00f3rg\u00e3os e entidades da administra\u00e7\u00e3o p\u00fablica. A medida assinada pelo Prefeito Ronaldo Prefeito Ronaldo Lopes leva em considera\u00e7\u00e3o as datas comemorativas referentes &hellip;<\/p>\n","protected":false},"author":1,"featured_media":16721,"comment_status":"closed","ping_status":"closed","sticky":false,"template":"","format":"standard","meta":{"_jetpack_newsletter_access":"","_jetpack_dont_email_post_to_subs":false,"_jetpack_newsletter_tier_id":0,"_jetpack_memberships_contains_paywalled_content":false,"_jetpack_memberships_contains_paid_content":false,"footnotes":""},"categories":[1],"tags":[],"class_list":["post-16720","post","type-post","status-publish","format-standard","has-post-thumbnail","hentry","category-destaque"],"jetpack_sharing_enabled":true,"jetpack_featured_media_url":"","_links":{"self":[{"href":"https:\/\/www.oparanews.com.br\/index.php\/wp-json\/wp\/v2\/posts\/16720","targetHints":{"allow":["GET"]}}],"collection":[{"href":"https:\/\/www.oparanews.com.br\/index.php\/wp-json\/wp\/v2\/posts"}],"about":[{"href":"https:\/\/www.oparanews.com.br\/index.php\/wp-json\/wp\/v2\/types\/post"}],"author":[{"embeddable":true,"href":"https:\/\/www.oparanews.com.br\/index.php\/wp-json\/wp\/v2\/users\/1"}],"replies":[{"embeddable":true,"href":"https:\/\/www.oparanews.com.br\/index.php\/wp-json\/wp\/v2\/comments?post=16720"}],"version-history":[{"count":0,"href":"https:\/\/www.oparanews.com.br\/index.php\/wp-json\/wp\/v2\/posts\/16720\/revisions"}],"wp:attachment":[{"href":"https:\/\/www.oparanews.com.br\/index.php\/wp-json\/wp\/v2\/media?parent=16720"}],"wp:term":[{"taxonomy":"category","embeddable":true,"href":"https:\/\/www.oparanews.com.br\/index.php\/wp-json\/wp\/v2\/categories?post=16720"},{"taxonomy":"post_tag","embeddable":true,"href":"https:\/\/www.oparanews.com.br\/index.php\/wp-json\/wp\/v2\/tags?post=16720"}],"curies":[{"name":"wp","href":"https:\/\/api.w.org\/{rel}","templated":true}]}}