{"id":16726,"date":"2021-06-19T00:32:38","date_gmt":"2021-06-19T00:32:38","guid":{"rendered":"https:\/\/oparanews.com.br\/?p=16726"},"modified":"2021-06-19T00:32:38","modified_gmt":"2021-06-19T00:32:38","slug":"brasil-tem-98-mil-casos-em-24h-e-volta-a-ser-lider-mundial","status":"publish","type":"post","link":"https:\/\/www.oparanews.com.br\/index.php\/2021\/06\/19\/brasil-tem-98-mil-casos-em-24h-e-volta-a-ser-lider-mundial\/","title":{"rendered":"Brasil tem 98 mil casos em 24h e volta a ser l\u00edder mundial"},"content":{"rendered":"<p>O Brasil registrou nesta sexta-feira (18) 98.832 novos casos de coronav\u00edrus, com o total de infec\u00e7\u00f5es no pa\u00eds avan\u00e7ando para 17.801.462, informou o Minist\u00e9rio da Sa\u00fade. Tamb\u00e9m foram contabilizados 2.495 novos \u00f3bitos em decorr\u00eancia da covid-19, o que eleva o total de v\u00edtimas fatais da doen\u00e7a no pa\u00eds a 498.499.<\/p>\n<p>Este \u00e9 o segundo maior n\u00famero de casos registrados em um \u00fanico dia desde o in\u00edcio da pandemia, ficando abaixo apenas da marca vista em 25 de mar\u00e7o deste ano, quando foram reportadas 100.158 novas infec\u00e7\u00f5es.<\/p>\n<p>Dados compilados pela Reuters mostram que, em meio a essa disparada na contagem de casos, o Brasil voltou a liderar no n\u00famero m\u00e9dio di\u00e1rio de novas infec\u00e7\u00f5es no mundo, sendo respons\u00e1vel atualmente por um em cada cinco casos registrados mundialmente a cada dia.<\/p>\n<p>Em termos absolutos, o Brasil possui o segundo maior n\u00famero de mortes por covid-19 no mundo, abaixo somente dos Estados Unidos, e a terceira maior contagem de casos confirmados de coronav\u00edrus, atr\u00e1s dos EUA e da \u00cdndia.<\/p>\n<p>A Funda\u00e7\u00e3o Oswaldo Cruz (Fiocruz) destacou em boletim publicado na v\u00e9spera que o quadro da pandemia no Brasil permanece cr\u00edtico e pode se agravar nas pr\u00f3ximas semanas, diante da chegada do per\u00edodo de inverno.<\/p>\n<p>Estado brasileiro mais afetado pela covid-19 em n\u00fameros absolutos, S\u00e3o Paulo atingiu nesta sexta-feira as marcas de 3.552.727 casos e 121.238 mortes. Minas Gerais \u00e9 o segundo Estado com maior n\u00famero de infec\u00e7\u00f5es pelo coronav\u00edrus registradas, com 1.724.506 casos, mas o Rio de Janeiro \u00e9 o segundo com mais \u00f3bitos contabilizados, com 53.923 mortes.<\/p>\n<p>O governo federal reporta ainda 16.136.968 pessoas recuperadas da covid-19 e 1.165.995 pacientes em acompanhamento.<\/p>\n<p>&nbsp;<\/p>\n<p><strong>por Gabriel Araujo\/Terra<\/strong><\/p>\n<p>&nbsp;<\/p>\n","protected":false},"excerpt":{"rendered":"<p>O Brasil registrou nesta sexta-feira (18) 98.832 novos casos de coronav\u00edrus, com o total de infec\u00e7\u00f5es no pa\u00eds avan\u00e7ando para 17.801.462, informou o Minist\u00e9rio da Sa\u00fade. Tamb\u00e9m foram contabilizados 2.495 novos \u00f3bitos em decorr\u00eancia da covid-19, o que eleva o total de v\u00edtimas fatais da doen\u00e7a no pa\u00eds a 498.499. Este \u00e9 o segundo maior &hellip;<\/p>\n","protected":false},"author":1,"featured_media":16727,"comment_status":"closed","ping_status":"closed","sticky":false,"template":"","format":"standard","meta":{"_jetpack_newsletter_access":"","_jetpack_dont_email_post_to_subs":false,"_jetpack_newsletter_tier_id":0,"_jetpack_memberships_contains_paywalled_content":false,"_jetpack_memberships_contains_paid_content":false,"footnotes":""},"categories":[1],"tags":[],"class_list":["post-16726","post","type-post","status-publish","format-standard","has-post-thumbnail","hentry","category-destaque"],"jetpack_sharing_enabled":true,"jetpack_featured_media_url":"","_links":{"self":[{"href":"https:\/\/www.oparanews.com.br\/index.php\/wp-json\/wp\/v2\/posts\/16726","targetHints":{"allow":["GET"]}}],"collection":[{"href":"https:\/\/www.oparanews.com.br\/index.php\/wp-json\/wp\/v2\/posts"}],"about":[{"href":"https:\/\/www.oparanews.com.br\/index.php\/wp-json\/wp\/v2\/types\/post"}],"author":[{"embeddable":true,"href":"https:\/\/www.oparanews.com.br\/index.php\/wp-json\/wp\/v2\/users\/1"}],"replies":[{"embeddable":true,"href":"https:\/\/www.oparanews.com.br\/index.php\/wp-json\/wp\/v2\/comments?post=16726"}],"version-history":[{"count":0,"href":"https:\/\/www.oparanews.com.br\/index.php\/wp-json\/wp\/v2\/posts\/16726\/revisions"}],"wp:attachment":[{"href":"https:\/\/www.oparanews.com.br\/index.php\/wp-json\/wp\/v2\/media?parent=16726"}],"wp:term":[{"taxonomy":"category","embeddable":true,"href":"https:\/\/www.oparanews.com.br\/index.php\/wp-json\/wp\/v2\/categories?post=16726"},{"taxonomy":"post_tag","embeddable":true,"href":"https:\/\/www.oparanews.com.br\/index.php\/wp-json\/wp\/v2\/tags?post=16726"}],"curies":[{"name":"wp","href":"https:\/\/api.w.org\/{rel}","templated":true}]}}