{"id":16732,"date":"2021-06-19T19:44:00","date_gmt":"2021-06-19T19:44:00","guid":{"rendered":"https:\/\/oparanews.com.br\/?p=16732"},"modified":"2021-06-19T19:44:00","modified_gmt":"2021-06-19T19:44:00","slug":"indicadores-registram-aumento-de-internacao-e-recorde-de-obitos-entre-jovens-por-covid","status":"publish","type":"post","link":"https:\/\/www.oparanews.com.br\/index.php\/2021\/06\/19\/indicadores-registram-aumento-de-internacao-e-recorde-de-obitos-entre-jovens-por-covid\/","title":{"rendered":"Indicadores registram aumento de interna\u00e7\u00e3o e recorde de \u00f3bitos entre jovens por Covid"},"content":{"rendered":"<p>A ocupa\u00e7\u00e3o dos leitos de UTI (Unidade de Terapia Intensiva) mudou de fei\u00e7\u00e3o ao longo da pandemia. Agora, s\u00e3o rostos mais jovens que utilizam camas \u2013 e respiradores \u2013 na rede hospitalar do estado. \u00c9 o que revela a an\u00e1lise de indicadores relacionados \u00e0 Covid-19 realizada pelo Governo de Alagoas, que tamb\u00e9m registra recorde de mortalidade em todas as faixas et\u00e1rias abaixo de 60 anos.<\/p>\n<p>O material elaborado pela Secretaria de Estado da Sa\u00fade (Sesau) indica que, ao longo do ano, entre a 1\u00aa e a 23\u00aa semana epidemiol\u00f3gica \u2013 encerrada no \u00faltimo s\u00e1bado (12) \u2013, houve expressivo aumento no n\u00famero de \u00f3bitos no grupo situado entre 20 e 59 anos de idade.<\/p>\n<p>\u201cA gente come\u00e7a a perceber um aumento nas hospitaliza\u00e7\u00f5es entre indiv\u00edduos mais jovens. Como a exposi\u00e7\u00e3o est\u00e1 intensa, a circula\u00e7\u00e3o viral tamb\u00e9m se torna intensa. A quantidade est\u00e1 diretamente relacionada com essa grande exposi\u00e7\u00e3o\u201d, explica Herbert Charles Barros, superintendente de Vigil\u00e2ncia em Sa\u00fade da Sesau, respons\u00e1vel pela compila\u00e7\u00e3o dos dados.<\/p>\n<p>Somente em 2021, a faixa et\u00e1ria entre 30 e 39 anos j\u00e1 registrou dez ou mais \u00f3bitos em seis semanas epidemiol\u00f3gicas, incluindo as tr\u00eas \u00faltimas consecutivas com o recorde de 13 mortes na semana 21. No pico da pandemia do ano passado, o quantitativo de dez \u00f3bitos s\u00f3 ocorreu em duas semanas epidemiol\u00f3gicas. J\u00e1 na faixa entre 40 e 49 anos, a taxa \u00e9 ainda maior. Ao longo do ano, o grupo apresenta cinco semanas epidemiol\u00f3gicas com taxa de \u00f3bito igual ou superior a 20 \u2013 com o recorde de 26 mortes na semana 21. Em 2020, a categoria superou a marca de 20 \u00f3bitos em apenas duas semanas epidemiol\u00f3gicas, com o m\u00e1ximo de 22 mortes.<\/p>\n<p><a href=\"https:\/\/oparanews.com.br\/wp-content\/uploads\/2021\/06\/Sem-t\u00edtulo-171.jpg\"><img loading=\"lazy\" decoding=\"async\" class=\"aligncenter size-full wp-image-16734\" src=\"https:\/\/oparanews.com.br\/wp-content\/uploads\/2021\/06\/Sem-t\u00edtulo-171.jpg\" alt=\"\" width=\"1280\" height=\"960\" \/><\/a><\/p>\n<p>\u201cA gente observa que, hoje, a popula\u00e7\u00e3o internada em apartamento e em UTI majoritariamente \u00e9 jovem. Um n\u00famero realmente assustador de pessoas abaixo de 60 anos\u201d, revela Mar\u00edlia Magalh\u00e3es, m\u00e9dica especializada em Cuidados Paliativos. \u201cH\u00e1 algumas semanas, num dos servi\u00e7os, o paciente mais velho internado por Covid-19 tinha 50 anos, os demais tinham menos, 17, 30, 35 anos&#8230;\u201d, comentou a m\u00e9dica, que atua nas redes p\u00fablica e privada de sa\u00fade.<\/p>\n<p>Ao verificar o boletim epidemiol\u00f3gico emitido pela Sesau na \u00faltima quinta-feira (17), dos 18 \u00f3bitos ocorridos em Alagoas por Covid-19, seis foram de pessoas abaixo dos 60 anos \u2013 cinco delas n\u00e3o apresentavam comorbidades. Comportamento bem diferente da incid\u00eancia ocorrida no ano passado, no primeiro pico da pandemia.<\/p>\n<p>\u201cQuanto menos as pessoas se protegem, mais a facilidade de aparecerem novas cepas e novas variantes. A popula\u00e7\u00e3o jovem \u00e9 que est\u00e1 nas ruas em fun\u00e7\u00e3o do trabalho, mas \u00e9 a que mais aglomera e a que menos segue as medidas restritivas\u201d, ressalva a especialista. \u201cH\u00e1 tamb\u00e9m a inconsequ\u00eancia dos jovens que, apesar das restri\u00e7\u00f5es, continuam fazendo festas clandestinas, n\u00e3o utilizam m\u00e1scaras \u2013 h\u00e1 um sentimento muito comum de imortalidade entre jovens e adolescentes. E tamb\u00e9m muita gente levada pelas fake news, de que m\u00e1scara n\u00e3o protege e de que o coronav\u00edrus \u00e9 s\u00f3 uma gripezinha\u201d, considera Mar\u00edlia Magalh\u00e3es.<\/p>\n<p><a href=\"https:\/\/oparanews.com.br\/wp-content\/uploads\/2021\/06\/Sem-t\u00edtulo-172.jpg\"><img loading=\"lazy\" decoding=\"async\" class=\"aligncenter size-full wp-image-16735\" src=\"https:\/\/oparanews.com.br\/wp-content\/uploads\/2021\/06\/Sem-t\u00edtulo-172.jpg\" alt=\"\" width=\"1280\" height=\"960\" \/><\/a><\/p>\n<p><strong>Novos picos<\/strong><\/p>\n<p>Ao ajustar o foco para as \u00faltimas cinco semanas epidemiol\u00f3gicas, as estat\u00edsticas revelam a gravidade do cen\u00e1rio geral, com a taxa de ocupa\u00e7\u00e3o de leitos com respiradores acima de 82% e o n\u00famero de \u00f3bitos por Covid-19 acima de 100 casos \u2013 o pico ocorreu na Semana 20, encerrada em 22 de maio, com 121 mortes.<\/p>\n<p>\u201cAs pessoas n\u00e3o est\u00e3o se protegendo como no passado. O fator medo, que havia ano passado, que foi importante, n\u00e3o existe mais. As pessoas n\u00e3o est\u00e3o tomando os devidos cuidados\u201d, lamenta Herbert Charles, da Sesau.<\/p>\n<p>J\u00e1 na compara\u00e7\u00e3o entre capital e interior, a curva tem comportamentos relativamente diferenciados nas m\u00e9dias m\u00f3veis de \u00f3bitos e de novos casos. Na semana epidemiol\u00f3gica 23, por exemplo, Macei\u00f3 registrou n\u00famero menor nas taxas de mortalidade (6,6 na capital contra 9,5 no interior) e menos da metade no \u00edndice de cont\u00e1gio (145 na capital contra 295 no interior).<\/p>\n<p><strong>Segunda dose<\/strong><\/p>\n<p>Por outro lado, na faixa et\u00e1ria acima dos 60 anos ocorreu o contr\u00e1rio, com n\u00edtida queda nos casos de hospitaliza\u00e7\u00e3o e morte ap\u00f3s o in\u00edcio da vacina\u00e7\u00e3o. No p\u00fablico com mais de 80 anos, a redu\u00e7\u00e3o da taxa de mortalidade chegou a 40%.<\/p>\n<p><a href=\"https:\/\/oparanews.com.br\/wp-content\/uploads\/2021\/06\/Sem-t\u00edtulo-173.jpg\"><img loading=\"lazy\" decoding=\"async\" class=\"aligncenter size-full wp-image-16736\" src=\"https:\/\/oparanews.com.br\/wp-content\/uploads\/2021\/06\/Sem-t\u00edtulo-173.jpg\" alt=\"\" width=\"1280\" height=\"960\" \/><\/a><\/p>\n<p>E pode diminuir ainda mais, caso o grupo atenda o chamado das autoridades sanit\u00e1rias e tome a segunda dose do imunizante na mesma propor\u00e7\u00e3o que receberam a primeira. \u201cNesse grupo de 80 anos ou mais, temos uma cobertura estimada de 96% com a primeira dose, mas somente 82% foram receber a segunda dose. Eu tenho uma janela de 14% que n\u00e3o tomou a segunda e que, baseado nas nossas distribui\u00e7\u00f5es, j\u00e1 deveriam ter tomado. Por isso, fa\u00e7o um apelo \u00e0s fam\u00edlias que levem seus idosos para completar a imuniza\u00e7\u00e3o\u201d, conclama o superintendente da Sesau, Herbert Charles.<\/p>\n<p>Para os especialistas, o controle da pandemia s\u00f3 vir\u00e1 quando pelo menos 70% da popula\u00e7\u00e3o estiver vacinada e mantendo as medidas de restri\u00e7\u00e3o. \u201cN\u00e3o adianta come\u00e7ar a vacinar e as pessoas continuarem nas ruas. \u00c9 preciso manter o distanciamento social, usar m\u00e1scara \u2013 de prefer\u00eancia Pff2 ou N95, porque as de pano n\u00e3o protegem \u2013 e \u00e1lcool a 70%\u201d, finaliza a m\u00e9dica Mar\u00edlia Magalh\u00e3es.<\/p>\n<p>&nbsp;<\/p>\n<p><strong>Fonte: Ag\u00eancia Alagoas<\/strong><\/p>\n<p>&nbsp;<\/p>\n","protected":false},"excerpt":{"rendered":"<p>A ocupa\u00e7\u00e3o dos leitos de UTI (Unidade de Terapia Intensiva) mudou de fei\u00e7\u00e3o ao longo da pandemia. Agora, s\u00e3o rostos mais jovens que utilizam camas \u2013 e respiradores \u2013 na rede hospitalar do estado. \u00c9 o que revela a an\u00e1lise de indicadores relacionados \u00e0 Covid-19 realizada pelo Governo de Alagoas, que tamb\u00e9m registra recorde de &hellip;<\/p>\n","protected":false},"author":1,"featured_media":16733,"comment_status":"closed","ping_status":"closed","sticky":false,"template":"","format":"standard","meta":{"_jetpack_newsletter_access":"","_jetpack_dont_email_post_to_subs":false,"_jetpack_newsletter_tier_id":0,"_jetpack_memberships_contains_paywalled_content":false,"_jetpack_memberships_contains_paid_content":false,"footnotes":""},"categories":[1],"tags":[],"class_list":["post-16732","post","type-post","status-publish","format-standard","has-post-thumbnail","hentry","category-destaque"],"jetpack_sharing_enabled":true,"jetpack_featured_media_url":"","_links":{"self":[{"href":"https:\/\/www.oparanews.com.br\/index.php\/wp-json\/wp\/v2\/posts\/16732","targetHints":{"allow":["GET"]}}],"collection":[{"href":"https:\/\/www.oparanews.com.br\/index.php\/wp-json\/wp\/v2\/posts"}],"about":[{"href":"https:\/\/www.oparanews.com.br\/index.php\/wp-json\/wp\/v2\/types\/post"}],"author":[{"embeddable":true,"href":"https:\/\/www.oparanews.com.br\/index.php\/wp-json\/wp\/v2\/users\/1"}],"replies":[{"embeddable":true,"href":"https:\/\/www.oparanews.com.br\/index.php\/wp-json\/wp\/v2\/comments?post=16732"}],"version-history":[{"count":0,"href":"https:\/\/www.oparanews.com.br\/index.php\/wp-json\/wp\/v2\/posts\/16732\/revisions"}],"wp:attachment":[{"href":"https:\/\/www.oparanews.com.br\/index.php\/wp-json\/wp\/v2\/media?parent=16732"}],"wp:term":[{"taxonomy":"category","embeddable":true,"href":"https:\/\/www.oparanews.com.br\/index.php\/wp-json\/wp\/v2\/categories?post=16732"},{"taxonomy":"post_tag","embeddable":true,"href":"https:\/\/www.oparanews.com.br\/index.php\/wp-json\/wp\/v2\/tags?post=16732"}],"curies":[{"name":"wp","href":"https:\/\/api.w.org\/{rel}","templated":true}]}}