{"id":16741,"date":"2021-06-19T23:08:52","date_gmt":"2021-06-19T23:08:52","guid":{"rendered":"https:\/\/oparanews.com.br\/?p=16741"},"modified":"2021-06-19T23:08:52","modified_gmt":"2021-06-19T23:08:52","slug":"brasil-chega-a-marca-de-500-mil-mortes-por-covid","status":"publish","type":"post","link":"https:\/\/www.oparanews.com.br\/index.php\/2021\/06\/19\/brasil-chega-a-marca-de-500-mil-mortes-por-covid\/","title":{"rendered":"Brasil chega \u00e0 marca de 500 mil mortes por Covid"},"content":{"rendered":"<p>Meio milh\u00e3o de vidas. Esse \u00e9 o saldo de v\u00edtimas que a Covid-19 j\u00e1 deixou em 459 dias desde que chegou ao Brasil, em mar\u00e7o de 2020.<\/p>\n<p>A m\u00e9dia geral \u00e9 de mais de 1 mil mortos por dia, mas o ritmo variou e subiu bastante desde o come\u00e7o de 2021. No pior momento, em abril, chegamos a registrar m\u00e9dia m\u00f3vel semanal acima de 3 mil mortos di\u00e1rios; nos \u00faltimos dias, voltamos a ver essa m\u00e9dia bater a marca de 2 mil vidas por dia, o que preocupa diante da lenta evolu\u00e7\u00e3o nos n\u00fameros de vacinados.<\/p>\n<p>No in\u00edcio da tarde deste s\u00e1bado (19), o total de mortos chegou a 500.022, e o de casos confirmados, a 17.822.659, segundo dados levantados pelo cons\u00f3rcio de ve\u00edculos de imprensa sobre a situa\u00e7\u00e3o da pandemia no Brasil. O balan\u00e7o \u00e9 feito a partir de dados das secretarias estaduais de Sa\u00fade.<\/p>\n<p>Os n\u00fameros levam em conta novos dados divulgados por Bahia, Cear\u00e1, Goi\u00e1s, Minas Gerais, Pernambuco, Rio Grande do Norte, Rio Grande do Sul, S\u00e3o Paulo e Tocantins. Os demais estados n\u00e3o atualizaram as informa\u00e7\u00f5es sobre casos e mortes at\u00e9 as 14h deste s\u00e1bado (19).<\/p>\n<p>A marca dos primeiros 100 mil \u00f3bitos no Brasil foi atingida quase 5 meses \u2013 149 dias \u2013 ap\u00f3s a primeira pessoa morrer pela doen\u00e7a no pa\u00eds. Dos 100 mil para os 200 mil, passaram-se outros 5 meses \u2013 152 dias. J\u00e1 para chegar aos 300 mil, foram necess\u00e1rios somente 76 dias, per\u00edodo que caiu quase pela metade quando chegamos a 400 mil em mais 36 dias.<\/p>\n<p>Agora, de 400 mil a 500 mil mortes o salto se deu em 51 dias, evidenciando que a queda no ritmo de mortes n\u00e3o foi t\u00e3o significativa assim passado o pior momento.<\/p>\n<p>A m\u00e9dia m\u00f3vel de novas mortes est\u00e1 em alta e, na sexta-feira (18), bateu a marca de 2 mil pelo terceiro dia seguido. A tend\u00eancia de novos casos tamb\u00e9m est\u00e1 em alta e, na sexta, o pa\u00eds registrou o recorde de diagn\u00f3sticos positivos registrados em um \u00fanico dia desde o in\u00edcio da pandemia: 98.135. (entenda os crit\u00e9rios usados pelo G1 para analisar as tend\u00eancias da pandemia).<\/p>\n<p>Em n\u00fameros totais, o Brasil segue como o segundo pa\u00eds com mais mortes por coronav\u00edrus registradas, atr\u00e1s apenas dos Estados Unidos &#8212; que esta semana superou a marca de 600 mil v\u00edtimas. A \u00cdndia aparece em terceiro, com mais de 380 mil \u00f3bitos.<\/p>\n<p><strong>Situa\u00e7\u00e3o de alerta<\/strong><\/p>\n<p>Alguns fatores geram alerta para a perspectiva da doen\u00e7a no pa\u00eds.<\/p>\n<p>A taxa de transmiss\u00e3o (Rt) do coronav\u00edrus no Brasil, medida pelo Imperial College de Londres, subiu esta semana e est\u00e1 em 1,07. Isso significa que cada 100 pessoas com o v\u00edrus no pa\u00eds infectam outras 107.<\/p>\n<p>O ritmo de vacina\u00e7\u00e3o segue baixo; foram poucos os dias em que o pa\u00eds registrou mais de 1 milh\u00e3o de vacinados em 24 horas, meta declarada pelo governo ainda em mar\u00e7o. Agora, a Fiocruz j\u00e1 calculou que seria necess\u00e1rio vacinar em m\u00e9dia cerca de 1,7 milh\u00e3o de pessoas por dia para atingir toda a popula\u00e7\u00e3o at\u00e9 o fim do ano.<\/p>\n<p>Apesar de termos apenas cerca de 11% da popula\u00e7\u00e3o vacinada com as duas doses das vacinas, o presidente Jair Bolsonaro declara inten\u00e7\u00e3o de desobrigar o uso de m\u00e1scaras para quem j\u00e1 se vacinou ou pegou a doen\u00e7a no passado, o que \u00e9 duramente criticado por especialistas diante da situa\u00e7\u00e3o atual.<\/p>\n<p>Tamb\u00e9m segue ca\u00f3tica a situa\u00e7\u00e3o no sistema de sa\u00fade brasileiro. O \u00faltimo boletim do Observat\u00f3rio Covid-19 Fiocruz, divulgado na quinta-feira (17), mostra que a ocupa\u00e7\u00e3o dos leitos de UTI est\u00e1 em situa\u00e7\u00e3o &#8220;cr\u00edtica&#8221; em 18 estados e no Distrito Federal. Apenas dois estados aparecem com alerta \u201cbaixo\u201d. Seis estados est\u00e3o com alerta \u201cm\u00e9dio\u201d.<\/p>\n<p>&nbsp;<\/p>\n<p><strong>Fonte: G1<\/strong><\/p>\n<p>&nbsp;<\/p>\n","protected":false},"excerpt":{"rendered":"<p>Meio milh\u00e3o de vidas. Esse \u00e9 o saldo de v\u00edtimas que a Covid-19 j\u00e1 deixou em 459 dias desde que chegou ao Brasil, em mar\u00e7o de 2020. A m\u00e9dia geral \u00e9 de mais de 1 mil mortos por dia, mas o ritmo variou e subiu bastante desde o come\u00e7o de 2021. No pior momento, em &hellip;<\/p>\n","protected":false},"author":1,"featured_media":16742,"comment_status":"closed","ping_status":"closed","sticky":false,"template":"","format":"standard","meta":{"_jetpack_newsletter_access":"","_jetpack_dont_email_post_to_subs":false,"_jetpack_newsletter_tier_id":0,"_jetpack_memberships_contains_paywalled_content":false,"_jetpack_memberships_contains_paid_content":false,"footnotes":""},"categories":[1],"tags":[],"class_list":["post-16741","post","type-post","status-publish","format-standard","has-post-thumbnail","hentry","category-destaque"],"jetpack_sharing_enabled":true,"jetpack_featured_media_url":"","_links":{"self":[{"href":"https:\/\/www.oparanews.com.br\/index.php\/wp-json\/wp\/v2\/posts\/16741","targetHints":{"allow":["GET"]}}],"collection":[{"href":"https:\/\/www.oparanews.com.br\/index.php\/wp-json\/wp\/v2\/posts"}],"about":[{"href":"https:\/\/www.oparanews.com.br\/index.php\/wp-json\/wp\/v2\/types\/post"}],"author":[{"embeddable":true,"href":"https:\/\/www.oparanews.com.br\/index.php\/wp-json\/wp\/v2\/users\/1"}],"replies":[{"embeddable":true,"href":"https:\/\/www.oparanews.com.br\/index.php\/wp-json\/wp\/v2\/comments?post=16741"}],"version-history":[{"count":0,"href":"https:\/\/www.oparanews.com.br\/index.php\/wp-json\/wp\/v2\/posts\/16741\/revisions"}],"wp:attachment":[{"href":"https:\/\/www.oparanews.com.br\/index.php\/wp-json\/wp\/v2\/media?parent=16741"}],"wp:term":[{"taxonomy":"category","embeddable":true,"href":"https:\/\/www.oparanews.com.br\/index.php\/wp-json\/wp\/v2\/categories?post=16741"},{"taxonomy":"post_tag","embeddable":true,"href":"https:\/\/www.oparanews.com.br\/index.php\/wp-json\/wp\/v2\/tags?post=16741"}],"curies":[{"name":"wp","href":"https:\/\/api.w.org\/{rel}","templated":true}]}}