{"id":16761,"date":"2021-06-20T17:19:13","date_gmt":"2021-06-20T17:19:13","guid":{"rendered":"https:\/\/oparanews.com.br\/?p=16761"},"modified":"2021-06-20T17:19:13","modified_gmt":"2021-06-20T17:19:13","slug":"penedo-tem-mais-de-500-casos-ativos-do-novo-coronavirus","status":"publish","type":"post","link":"https:\/\/www.oparanews.com.br\/index.php\/2021\/06\/20\/penedo-tem-mais-de-500-casos-ativos-do-novo-coronavirus\/","title":{"rendered":"Penedo tem mais de 500 casos ativos do novo Coronav\u00edrus"},"content":{"rendered":"<p>A Secretaria Municipal de Sa\u00fade de Penedo divulgou o Boletim Epidemiol\u00f3gico sobre a pandemia da Covid-19 deste s\u00e1bado (19).<\/p>\n<p>Os dados mais recente mostram 4.397 casos confirmados da doen\u00e7a.<\/p>\n<p>Desse total, 3.823 pessoas j\u00e1 se recuperaram ap\u00f3s passarem pelos cuidados m\u00e9dicos. Al\u00e9m disso, 4.318 casos foram descartados.<\/p>\n<p>Os n\u00fameros deste s\u00e1bado (19) tamb\u00e9m mostram que a Unidade de Refer\u00eancia em S\u00edndromes Gripais atendeu 92 pessoas, com 35 testes r\u00e1pidos, 16 positivos e 19 negativos<\/p>\n<p>Al\u00e9m disso, 69 pessoas morreram em decorr\u00eancia da pandemia de Covid-19 em Penedo. Com mais um \u00f3bito registrado pela Secretaria de Estado de Alagoas (Sesau).<\/p>\n<p>A vitima residia no Centro do munic\u00edpio era homem de 53 anos, era diab\u00e9tico, hipertenso e obeso<\/p>\n<p>A Prefeitura de Penedo informa tamb\u00e9m que a Unidade de S\u00edndromes Gripais localizada na Avenida Wanderlei, nas proximidades do trevo da \u201cToca do \u00cdndio\u201d, est\u00e1 funcionando de segunda a s\u00e1bado, das 7h \u00e0s 17h.<\/p>\n<p>A popula\u00e7\u00e3o deve observar o distanciamento social como medida preventiva, da mesma forma que o uso de m\u00e1scaras e a ado\u00e7\u00e3o de medidas de higiene, a exemplo de lavar corretamente as m\u00e3os e utilizar \u00e1lcool 70%.<\/p>\n<p><strong>Vacin\u00f4metro<\/strong><\/p>\n<p>O total de pessoas imunizadas contra o coronav\u00edrus em Penedo at\u00e9 hoje \u00e9 de 19.777 sendo que 6.493 j\u00e1 receberam a segunda dose da vacina.<\/p>\n<p>&nbsp;<\/p>\n<p><strong>Fonte: Decom &#8211; PMP<\/strong><\/p>\n<p>&nbsp;<\/p>\n","protected":false},"excerpt":{"rendered":"<p>A Secretaria Municipal de Sa\u00fade de Penedo divulgou o Boletim Epidemiol\u00f3gico sobre a pandemia da Covid-19 deste s\u00e1bado (19). Os dados mais recente mostram 4.397 casos confirmados da doen\u00e7a. Desse total, 3.823 pessoas j\u00e1 se recuperaram ap\u00f3s passarem pelos cuidados m\u00e9dicos. Al\u00e9m disso, 4.318 casos foram descartados. Os n\u00fameros deste s\u00e1bado (19) tamb\u00e9m mostram que &hellip;<\/p>\n","protected":false},"author":1,"featured_media":16448,"comment_status":"closed","ping_status":"closed","sticky":false,"template":"","format":"standard","meta":{"_jetpack_newsletter_access":"","_jetpack_dont_email_post_to_subs":false,"_jetpack_newsletter_tier_id":0,"_jetpack_memberships_contains_paywalled_content":false,"_jetpack_memberships_contains_paid_content":false,"footnotes":""},"categories":[1],"tags":[],"class_list":["post-16761","post","type-post","status-publish","format-standard","has-post-thumbnail","hentry","category-destaque"],"jetpack_sharing_enabled":true,"jetpack_featured_media_url":"","_links":{"self":[{"href":"https:\/\/www.oparanews.com.br\/index.php\/wp-json\/wp\/v2\/posts\/16761","targetHints":{"allow":["GET"]}}],"collection":[{"href":"https:\/\/www.oparanews.com.br\/index.php\/wp-json\/wp\/v2\/posts"}],"about":[{"href":"https:\/\/www.oparanews.com.br\/index.php\/wp-json\/wp\/v2\/types\/post"}],"author":[{"embeddable":true,"href":"https:\/\/www.oparanews.com.br\/index.php\/wp-json\/wp\/v2\/users\/1"}],"replies":[{"embeddable":true,"href":"https:\/\/www.oparanews.com.br\/index.php\/wp-json\/wp\/v2\/comments?post=16761"}],"version-history":[{"count":0,"href":"https:\/\/www.oparanews.com.br\/index.php\/wp-json\/wp\/v2\/posts\/16761\/revisions"}],"wp:attachment":[{"href":"https:\/\/www.oparanews.com.br\/index.php\/wp-json\/wp\/v2\/media?parent=16761"}],"wp:term":[{"taxonomy":"category","embeddable":true,"href":"https:\/\/www.oparanews.com.br\/index.php\/wp-json\/wp\/v2\/categories?post=16761"},{"taxonomy":"post_tag","embeddable":true,"href":"https:\/\/www.oparanews.com.br\/index.php\/wp-json\/wp\/v2\/tags?post=16761"}],"curies":[{"name":"wp","href":"https:\/\/api.w.org\/{rel}","templated":true}]}}