{"id":16763,"date":"2021-06-20T17:22:28","date_gmt":"2021-06-20T17:22:28","guid":{"rendered":"https:\/\/oparanews.com.br\/?p=16763"},"modified":"2021-06-20T17:22:28","modified_gmt":"2021-06-20T17:22:28","slug":"vacinacao-contra-covid-19-e-ampliada-para-pessoas-a-partir-de-43-anos-em-penedo","status":"publish","type":"post","link":"https:\/\/www.oparanews.com.br\/index.php\/2021\/06\/20\/vacinacao-contra-covid-19-e-ampliada-para-pessoas-a-partir-de-43-anos-em-penedo\/","title":{"rendered":"Vacina\u00e7\u00e3o contra Covid-19 \u00e9 ampliada para pessoas a partir de 43 anos em Penedo"},"content":{"rendered":"<p>A Secretaria Municipal de Sa\u00fade (SEMS) da Prefeitura de Penedo ampliou a idade m\u00ednima para vacina\u00e7\u00e3o contra Covid-19, vacinando pessoas a partir de 43 anos de idade.<\/p>\n<p>A imuniza\u00e7\u00e3o da nova faixa et\u00e1ria tem inicio nesta segunda-feira, 21 de junho, para as pessoas com 44 anos ou mais.<\/p>\n<p>Tendo continuidade na ter\u00e7a-feira, 22 de junho, para o p\u00fablico com 43 anos.<\/p>\n<p>A imuniza\u00e7\u00e3o para essas faixas et\u00e1rias ser\u00e1 realizada no gin\u00e1sio de esportes da Escola Estadual Ernani M\u00e9ro, das 8h as 16h.<\/p>\n<p>Local com estrutura exclusiva para imuniza\u00e7\u00e3o com a vacina produzida pelas empresas Pfizer e BioNTech.<\/p>\n<p><a href=\"https:\/\/oparanews.com.br\/wp-content\/uploads\/2021\/06\/Sem-t\u00edtulo-183.jpg\"><img loading=\"lazy\" decoding=\"async\" class=\"alignleft wp-image-16765 size-medium\" src=\"https:\/\/oparanews.com.br\/wp-content\/uploads\/2021\/06\/Sem-t\u00edtulo-183-274x300.jpg\" alt=\"\" width=\"274\" height=\"300\" \/><\/a>A Secretaria Municipal de Sa\u00fade informa tamb\u00e9m, que as faixas et\u00e1rias acima da idade m\u00ednima continuam sendo vacinadas, nos dias posteriores ao dia informado para iniciar as novas idades.<\/p>\n<p>A medida que Penedo recebe novas doses da vacina, a gest\u00e3o Crescendo Com Seu Povo inclui novas faixas et\u00e1rias da popula\u00e7\u00e3o no grupo priorit\u00e1rio, vacinando dessa forma a popula\u00e7\u00e3o penedense em massa.<\/p>\n<p>A campanha de vacina\u00e7\u00e3o contra o novo Coronav\u00edrus avan\u00e7a em Penedo. J\u00e1 foram imunizados at\u00e9 o momento 19.777 pessoas, n\u00famero que j\u00e1 se aproxima de 30% da popula\u00e7\u00e3o do munic\u00edpio.<\/p>\n<p>As pessoas que fa\u00e7am parte do grupo priorit\u00e1rio a ser imunizado devem levar documento oficial com foto, cart\u00e3o do SUS e comprovante de resid\u00eancia.<\/p>\n<p>&nbsp;<\/p>\n<p><strong>por Thiago Sobral &#8211; Decom PMP<\/strong><\/p>\n<p>&nbsp;<\/p>\n","protected":false},"excerpt":{"rendered":"<p>A Secretaria Municipal de Sa\u00fade (SEMS) da Prefeitura de Penedo ampliou a idade m\u00ednima para vacina\u00e7\u00e3o contra Covid-19, vacinando pessoas a partir de 43 anos de idade. A imuniza\u00e7\u00e3o da nova faixa et\u00e1ria tem inicio nesta segunda-feira, 21 de junho, para as pessoas com 44 anos ou mais. Tendo continuidade na ter\u00e7a-feira, 22 de junho, &hellip;<\/p>\n","protected":false},"author":1,"featured_media":16764,"comment_status":"closed","ping_status":"closed","sticky":false,"template":"","format":"standard","meta":{"_jetpack_newsletter_access":"","_jetpack_dont_email_post_to_subs":false,"_jetpack_newsletter_tier_id":0,"_jetpack_memberships_contains_paywalled_content":false,"_jetpack_memberships_contains_paid_content":false,"footnotes":""},"categories":[1],"tags":[],"class_list":["post-16763","post","type-post","status-publish","format-standard","has-post-thumbnail","hentry","category-destaque"],"jetpack_sharing_enabled":true,"jetpack_featured_media_url":"","_links":{"self":[{"href":"https:\/\/www.oparanews.com.br\/index.php\/wp-json\/wp\/v2\/posts\/16763","targetHints":{"allow":["GET"]}}],"collection":[{"href":"https:\/\/www.oparanews.com.br\/index.php\/wp-json\/wp\/v2\/posts"}],"about":[{"href":"https:\/\/www.oparanews.com.br\/index.php\/wp-json\/wp\/v2\/types\/post"}],"author":[{"embeddable":true,"href":"https:\/\/www.oparanews.com.br\/index.php\/wp-json\/wp\/v2\/users\/1"}],"replies":[{"embeddable":true,"href":"https:\/\/www.oparanews.com.br\/index.php\/wp-json\/wp\/v2\/comments?post=16763"}],"version-history":[{"count":0,"href":"https:\/\/www.oparanews.com.br\/index.php\/wp-json\/wp\/v2\/posts\/16763\/revisions"}],"wp:attachment":[{"href":"https:\/\/www.oparanews.com.br\/index.php\/wp-json\/wp\/v2\/media?parent=16763"}],"wp:term":[{"taxonomy":"category","embeddable":true,"href":"https:\/\/www.oparanews.com.br\/index.php\/wp-json\/wp\/v2\/categories?post=16763"},{"taxonomy":"post_tag","embeddable":true,"href":"https:\/\/www.oparanews.com.br\/index.php\/wp-json\/wp\/v2\/tags?post=16763"}],"curies":[{"name":"wp","href":"https:\/\/api.w.org\/{rel}","templated":true}]}}