{"id":16770,"date":"2021-06-20T23:33:42","date_gmt":"2021-06-20T23:33:42","guid":{"rendered":"https:\/\/oparanews.com.br\/?p=16770"},"modified":"2021-06-20T23:33:42","modified_gmt":"2021-06-20T23:33:42","slug":"leifert-abre-primeiro-domingo-sem-faustao-sem-homenagens","status":"publish","type":"post","link":"https:\/\/www.oparanews.com.br\/index.php\/2021\/06\/20\/leifert-abre-primeiro-domingo-sem-faustao-sem-homenagens\/","title":{"rendered":"Leifert abre primeiro domingo sem Faust\u00e3o sem homenagens"},"content":{"rendered":"<p>No primeiro fim de semana depois que o Doming\u00e3o do Faust\u00e3o acabou, Tiago Leifert deu uma breve explica\u00e7\u00e3o ao p\u00fablico sobre a sua perman\u00eancia \u00e0 frente do hor\u00e1rio, mas n\u00e3o fez nenhuma grande despedida a Fausto Silva, antigo comandante da faixa na Globo.<\/p>\n<p>&#8220;Voltei, l\u00e1 vou eu de novo. Mais uma vez, vou falar que, durante a semana, voc\u00eas devem ter acompanhado as not\u00edcias. A Globo decidiu mudar a programa\u00e7\u00e3o de domingo. Acho que deixei super claro na semana passada o carinho e o respeito que eu tenho pelo Faust\u00e3o e pelo Doming\u00e3o, tamb\u00e9m, ficou bem claro que era um telespectador brincando aqui. Por\u00e9m, recebi uma nova miss\u00e3o hoje, que \u00e9 de levar para voc\u00eas a Super Dan\u00e7a dos Famosos, que n\u00e3o pode parar, em respeito a voc\u00eas que gostam do quadro e tamb\u00e9m aos profissionais que est\u00e3o aqui ensaiando duro para levar para voc\u00eas entretenimento neste domingo. Ent\u00e3o deixando aqui um beijo ao Fausto, vai come\u00e7ar a Super Dan\u00e7a dos Famosos&#8221;, afirmou Leifert neste domingo, 20.<\/p>\n<p>O apresentador tamb\u00e9m brincou sobre tomar conta da atra\u00e7\u00e3o antes de Luciano Huck assumir o hor\u00e1rio, o que est\u00e1 previsto para o ano que vem: &#8220;N\u00f3s que aqui estamos, Luciano, por v\u00f3s esperamos. S\u00f3 estou aqui enquanto voc\u00ea est\u00e1 se arrumando a\u00ed, cortando o cabelinho, fazendo a barba. Preciso tirar f\u00e9rias, Luciano Huck, para com isso!&#8221;.<\/p>\n<p>Faust\u00e3o foi citado por boa parte dos participantes e jurados do programa. O ator Tiago Abravanel, neto de Silvio Santos, comentou: &#8220;Dan\u00e7ar para mim \u00e9 algo que n\u00e3o tem explica\u00e7\u00e3o. Eu sempre fui um bailarino frustrado, desde crian\u00e7a, mas a primeira vez que participei do Dan\u00e7a eu realizei esse sonho e sou muito grato por ter tido essa oportunidade. Agrade\u00e7o muito, do fundo do cora\u00e7\u00e3o, ao Fausto pelo convite. Eu te amo, Fausto, e \u00e9 por voc\u00ea que a gente est\u00e1 aqui, tamb\u00e9m&#8221;.<\/p>\n<p>A apresentadora Ang\u00e9lica, uma das juradas, fez elogios a Tiago, mas mandou um recado ao ex-apresentador da emissora: &#8220;Quero deixar meu beijo gigante para o Faust\u00e3o. Esse programa me recebeu sempre com muito amor, muito carinho. Vivi muitos momentos incr\u00edveis no Doming\u00e3o. Hoje, de certa forma, estou aqui agradecendo atrav\u00e9s de voc\u00ea, ele est\u00e1 vendo a gente, tamb\u00e9m&#8221;. Carlinhos de Jesus, jurado t\u00e9cnico, destacou: &#8220;Agrade\u00e7o muito ao Faust\u00e3o pela oportunidade que ele sempre me deu, que sempre deu \u00e0 dan\u00e7a. A dan\u00e7a \u00e9 outra depois desse quadro. [Agrade\u00e7o] a voc\u00ea Tiago, sou seu f\u00e3&#8221;.<\/p>\n<p><strong>Sa\u00edda de Faust\u00e3o e entrada de Leifert aos domingos<\/strong><\/p>\n<p>Desde o in\u00edcio de 2021, j\u00e1 havia sido anunciado que este seria o \u00faltimo ano de Faust\u00e3o na Globo, e que a partir de janeiro de 2022 come\u00e7a seu contrato de Fausto Silva com a Band, emissora na qual j\u00e1 trabalhou na d\u00e9cada de 1980, comandando o Perdidos na Noite. A previs\u00e3o inicial, por\u00e9m, era de que ele ficasse \u00e0 frente do Doming\u00e3o at\u00e9 dezembro.<\/p>\n<p>Na \u00faltima quinta-feira, 17 de junho, por\u00e9m, a emissora divulgou um comunicado anunciando que sua sa\u00edda foi antecipada &#8220;por raz\u00f5es estrat\u00e9gicas e internas&#8221;. Tiago Leifert assumir\u00e1 o comando do hor\u00e1rio at\u00e9 o fim do ano, quando deve passar o bast\u00e3o para Luciano Huck, em um programa sem detalhes divulgados.<\/p>\n<p>Em 13 de junho, ainda de forma provis\u00f3ria, Leifert fez sua estreia no comando dos domingos na emissora, por conta da interna\u00e7\u00e3o do colega por uma infec\u00e7\u00e3o urin\u00e1ria. &#8220;O Faust\u00e3o me deu essa miss\u00e3o de represent\u00e1-lo hoje, mas eu n\u00e3o estou assim, super feliz. Estou muito honrado, mas preferia estar em casa. Preferia mil vezes estar com o Faust\u00e3o aqui e eu em casa, de pijama, assistindo ao Doming\u00e3o, porque o Faust\u00e3o faz parte da nossa vida, da nossa fam\u00edlia. Faust\u00e3o, antes de qualquer coisa, beijo para voc\u00ea, toma esse antibi\u00f3tico, volta logo, melhoras! Uma salva de palmas a Fausto Silva, que vai fazer muita falta hoje&#8221;, pediu Leifert em seu primeiro discurso, antes da defini\u00e7\u00e3o de que Faust\u00e3o n\u00e3o voltaria.<\/p>\n<p>&nbsp;<\/p>\n<p><strong>Fonte: Terra<\/strong><\/p>\n<p>&nbsp;<\/p>\n","protected":false},"excerpt":{"rendered":"<p>No primeiro fim de semana depois que o Doming\u00e3o do Faust\u00e3o acabou, Tiago Leifert deu uma breve explica\u00e7\u00e3o ao p\u00fablico sobre a sua perman\u00eancia \u00e0 frente do hor\u00e1rio, mas n\u00e3o fez nenhuma grande despedida a Fausto Silva, antigo comandante da faixa na Globo. &#8220;Voltei, l\u00e1 vou eu de novo. Mais uma vez, vou falar que, &hellip;<\/p>\n","protected":false},"author":1,"featured_media":16771,"comment_status":"closed","ping_status":"closed","sticky":false,"template":"","format":"standard","meta":{"_jetpack_newsletter_access":"","_jetpack_dont_email_post_to_subs":false,"_jetpack_newsletter_tier_id":0,"_jetpack_memberships_contains_paywalled_content":false,"_jetpack_memberships_contains_paid_content":false,"footnotes":""},"categories":[1],"tags":[],"class_list":["post-16770","post","type-post","status-publish","format-standard","has-post-thumbnail","hentry","category-destaque"],"jetpack_sharing_enabled":true,"jetpack_featured_media_url":"","_links":{"self":[{"href":"https:\/\/www.oparanews.com.br\/index.php\/wp-json\/wp\/v2\/posts\/16770","targetHints":{"allow":["GET"]}}],"collection":[{"href":"https:\/\/www.oparanews.com.br\/index.php\/wp-json\/wp\/v2\/posts"}],"about":[{"href":"https:\/\/www.oparanews.com.br\/index.php\/wp-json\/wp\/v2\/types\/post"}],"author":[{"embeddable":true,"href":"https:\/\/www.oparanews.com.br\/index.php\/wp-json\/wp\/v2\/users\/1"}],"replies":[{"embeddable":true,"href":"https:\/\/www.oparanews.com.br\/index.php\/wp-json\/wp\/v2\/comments?post=16770"}],"version-history":[{"count":0,"href":"https:\/\/www.oparanews.com.br\/index.php\/wp-json\/wp\/v2\/posts\/16770\/revisions"}],"wp:attachment":[{"href":"https:\/\/www.oparanews.com.br\/index.php\/wp-json\/wp\/v2\/media?parent=16770"}],"wp:term":[{"taxonomy":"category","embeddable":true,"href":"https:\/\/www.oparanews.com.br\/index.php\/wp-json\/wp\/v2\/categories?post=16770"},{"taxonomy":"post_tag","embeddable":true,"href":"https:\/\/www.oparanews.com.br\/index.php\/wp-json\/wp\/v2\/tags?post=16770"}],"curies":[{"name":"wp","href":"https:\/\/api.w.org\/{rel}","templated":true}]}}