{"id":16776,"date":"2021-06-20T23:40:59","date_gmt":"2021-06-20T23:40:59","guid":{"rendered":"https:\/\/oparanews.com.br\/?p=16776"},"modified":"2021-06-20T23:40:59","modified_gmt":"2021-06-20T23:40:59","slug":"david-cardoso-junior-e-internado-com-covid-19","status":"publish","type":"post","link":"https:\/\/www.oparanews.com.br\/index.php\/2021\/06\/20\/david-cardoso-junior-e-internado-com-covid-19\/","title":{"rendered":"David Cardoso J\u00fanior \u00e9 internado com covid-19"},"content":{"rendered":"<p>O ator David Cardoso J\u00fanior, bolsonarista convicto que chegou a circular com uma cueca no rosto em protesto contra as m\u00e1scaras e as restri\u00e7\u00f5es impostas em S\u00e3o Paulo para combater a pandemia de covid-19, est\u00e1 internado no Hospital Sancta Maggiore com covid-19.<\/p>\n<p>Filho mais velho do ator David Cardoso, ele est\u00e1 em estado delicado, segundo apurou o colunista Ancelmo Goes. Em seu Instagram, h\u00e1 registros de participa\u00e7\u00f5es numa motociata de Bolsonaro.<\/p>\n<p>Com 52 anos, David Cardoso Filho trabalha desde crian\u00e7a. Fez muitos comerciais, interpretou o pr\u00edncipe do antigo quadro Boa Noite, Cinderela, no SBT, atuou na novela Zaza, na Globo, e foi recordista de venda da G.Magazine. Posou nu duas vezes para a revista. Al\u00e9m disso, atuou em diversos filmes er\u00f3ticos feitos pelo pai e cantou numa banda. Tem v\u00e1rios CDs gravados, o mais recente em clima gospel, e dava cursos de orat\u00f3ria e contra a timidez.<\/p>\n<p>Ultimamente, Davizinho, como era conhecido, tamb\u00e9m demonstrava ter pretens\u00f5es pol\u00edticas.<\/p>\n<p><strong>Fonte: Pipoca Moderna<\/strong><\/p>\n<p>&nbsp;<\/p>\n","protected":false},"excerpt":{"rendered":"<p>O ator David Cardoso J\u00fanior, bolsonarista convicto que chegou a circular com uma cueca no rosto em protesto contra as m\u00e1scaras e as restri\u00e7\u00f5es impostas em S\u00e3o Paulo para combater a pandemia de covid-19, est\u00e1 internado no Hospital Sancta Maggiore com covid-19. Filho mais velho do ator David Cardoso, ele est\u00e1 em estado delicado, segundo &hellip;<\/p>\n","protected":false},"author":1,"featured_media":16777,"comment_status":"closed","ping_status":"closed","sticky":false,"template":"","format":"standard","meta":{"_jetpack_newsletter_access":"","_jetpack_dont_email_post_to_subs":false,"_jetpack_newsletter_tier_id":0,"_jetpack_memberships_contains_paywalled_content":false,"_jetpack_memberships_contains_paid_content":false,"footnotes":""},"categories":[1],"tags":[],"class_list":["post-16776","post","type-post","status-publish","format-standard","has-post-thumbnail","hentry","category-destaque"],"jetpack_sharing_enabled":true,"jetpack_featured_media_url":"","_links":{"self":[{"href":"https:\/\/www.oparanews.com.br\/index.php\/wp-json\/wp\/v2\/posts\/16776","targetHints":{"allow":["GET"]}}],"collection":[{"href":"https:\/\/www.oparanews.com.br\/index.php\/wp-json\/wp\/v2\/posts"}],"about":[{"href":"https:\/\/www.oparanews.com.br\/index.php\/wp-json\/wp\/v2\/types\/post"}],"author":[{"embeddable":true,"href":"https:\/\/www.oparanews.com.br\/index.php\/wp-json\/wp\/v2\/users\/1"}],"replies":[{"embeddable":true,"href":"https:\/\/www.oparanews.com.br\/index.php\/wp-json\/wp\/v2\/comments?post=16776"}],"version-history":[{"count":0,"href":"https:\/\/www.oparanews.com.br\/index.php\/wp-json\/wp\/v2\/posts\/16776\/revisions"}],"wp:attachment":[{"href":"https:\/\/www.oparanews.com.br\/index.php\/wp-json\/wp\/v2\/media?parent=16776"}],"wp:term":[{"taxonomy":"category","embeddable":true,"href":"https:\/\/www.oparanews.com.br\/index.php\/wp-json\/wp\/v2\/categories?post=16776"},{"taxonomy":"post_tag","embeddable":true,"href":"https:\/\/www.oparanews.com.br\/index.php\/wp-json\/wp\/v2\/tags?post=16776"}],"curies":[{"name":"wp","href":"https:\/\/api.w.org\/{rel}","templated":true}]}}