{"id":16782,"date":"2021-06-21T13:07:42","date_gmt":"2021-06-21T13:07:42","guid":{"rendered":"https:\/\/oparanews.com.br\/?p=16782"},"modified":"2021-06-21T13:07:42","modified_gmt":"2021-06-21T13:07:42","slug":"jovem-e-preso-suspeito-de-estuprar-menino-de-8-anos","status":"publish","type":"post","link":"https:\/\/www.oparanews.com.br\/index.php\/2021\/06\/21\/jovem-e-preso-suspeito-de-estuprar-menino-de-8-anos\/","title":{"rendered":"Jovem \u00e9 preso suspeito de estuprar menino de 8 anos"},"content":{"rendered":"<p>Um jovem de 22 anos foi preso na noite de domingo (20) suspeito de estuprar um menino de 8 anos na Cidade Universit\u00e1ria, em Macei\u00f3.<\/p>\n<p>Segundo a pol\u00edcia, os abusos ocorreram na casa do suspeito. N\u00e3o h\u00e1 informa\u00e7\u00f5es sobre como a v\u00edtima foi aliciada para o local do crime nem se o agressor tem liga\u00e7\u00e3o com a fam\u00edlia da crian\u00e7a.<\/p>\n<p>O menino relatou, com detalhes, todo o abuso que sofreu, e, ap\u00f3s a realiza\u00e7\u00e3o de um exame pericial pelo Instituto M\u00e9dico Legal (IML), as agress\u00f5es foram comprovadas.<\/p>\n<p>O suspeito foi levado para a Central de Flagrantes I, no bairro do Farol, e autuado por estupro de vulner\u00e1vel.<\/p>\n<p><strong>Fonte: G1\/AL<\/strong><\/p>\n<p>&nbsp;<\/p>\n","protected":false},"excerpt":{"rendered":"<p>Um jovem de 22 anos foi preso na noite de domingo (20) suspeito de estuprar um menino de 8 anos na Cidade Universit\u00e1ria, em Macei\u00f3. Segundo a pol\u00edcia, os abusos ocorreram na casa do suspeito. N\u00e3o h\u00e1 informa\u00e7\u00f5es sobre como a v\u00edtima foi aliciada para o local do crime nem se o agressor tem liga\u00e7\u00e3o &hellip;<\/p>\n","protected":false},"author":1,"featured_media":16783,"comment_status":"closed","ping_status":"closed","sticky":false,"template":"","format":"standard","meta":{"_jetpack_newsletter_access":"","_jetpack_dont_email_post_to_subs":false,"_jetpack_newsletter_tier_id":0,"_jetpack_memberships_contains_paywalled_content":false,"_jetpack_memberships_contains_paid_content":false,"footnotes":""},"categories":[1],"tags":[],"class_list":["post-16782","post","type-post","status-publish","format-standard","has-post-thumbnail","hentry","category-destaque"],"jetpack_sharing_enabled":true,"jetpack_featured_media_url":"","_links":{"self":[{"href":"https:\/\/www.oparanews.com.br\/index.php\/wp-json\/wp\/v2\/posts\/16782","targetHints":{"allow":["GET"]}}],"collection":[{"href":"https:\/\/www.oparanews.com.br\/index.php\/wp-json\/wp\/v2\/posts"}],"about":[{"href":"https:\/\/www.oparanews.com.br\/index.php\/wp-json\/wp\/v2\/types\/post"}],"author":[{"embeddable":true,"href":"https:\/\/www.oparanews.com.br\/index.php\/wp-json\/wp\/v2\/users\/1"}],"replies":[{"embeddable":true,"href":"https:\/\/www.oparanews.com.br\/index.php\/wp-json\/wp\/v2\/comments?post=16782"}],"version-history":[{"count":0,"href":"https:\/\/www.oparanews.com.br\/index.php\/wp-json\/wp\/v2\/posts\/16782\/revisions"}],"wp:attachment":[{"href":"https:\/\/www.oparanews.com.br\/index.php\/wp-json\/wp\/v2\/media?parent=16782"}],"wp:term":[{"taxonomy":"category","embeddable":true,"href":"https:\/\/www.oparanews.com.br\/index.php\/wp-json\/wp\/v2\/categories?post=16782"},{"taxonomy":"post_tag","embeddable":true,"href":"https:\/\/www.oparanews.com.br\/index.php\/wp-json\/wp\/v2\/tags?post=16782"}],"curies":[{"name":"wp","href":"https:\/\/api.w.org\/{rel}","templated":true}]}}