{"id":16788,"date":"2021-06-21T14:00:55","date_gmt":"2021-06-21T14:00:55","guid":{"rendered":"https:\/\/oparanews.com.br\/?p=16788"},"modified":"2021-06-21T14:00:55","modified_gmt":"2021-06-21T14:00:55","slug":"crianca-cai-de-atracao-de-parque-em-sc-e-vai-a-uti","status":"publish","type":"post","link":"https:\/\/www.oparanews.com.br\/index.php\/2021\/06\/21\/crianca-cai-de-atracao-de-parque-em-sc-e-vai-a-uti\/","title":{"rendered":"Crian\u00e7a cai de atra\u00e7\u00e3o de parque em SC e vai \u00e0 UTI"},"content":{"rendered":"<p>Uma crian\u00e7a de 6 anos foi levada ao hospital em estado grave ap\u00f3s cair de uma atra\u00e7\u00e3o no Beto Carrero World em Penha, no Litoral Norte catarinense, no s\u00e1bado (19). Segundo a administra\u00e7\u00e3o do local, o menino estava na estrutura de uma est\u00e1tua de um gorila, onde os visitantes costumam tirar fotos, quando ocorreu a queda. Ele foi operado e o quadro de sa\u00fade \u00e9 considerado grave.<\/p>\n<p>O acidente ocorreu por volta das 16h e estava chovendo no local. A fam\u00edlia do menino, que \u00e9 de Curitiba (PR), estava comemorando o anivers\u00e1rio da crian\u00e7a no parque tem\u00e1tico.<\/p>\n<p>O garoto foi levado ao pronto-socorro e depois encaminhado ao hospital. Ele sofreu traumatismo craniano, segundo uma familiar.<\/p>\n<p>De acordo com o Hospital Pequeno Anjo, em Itaja\u00ed, na mesma regi\u00e3o, nesta segunda-feira (21) a situa\u00e7\u00e3o do menino era est\u00e1vel e ele seguia internado na Unidade de Tratamento Intensivo (UTI), respirando com ajuda de aparelho.<\/p>\n<p>Em nota, o Beto Carrero World afirmou que atendeu o menino ap\u00f3s a queda e que est\u00e1 prestando apoio para a fam\u00edlia.<\/p>\n<p>&nbsp;<\/p>\n<p><strong>Fonte: G1<\/strong><\/p>\n<p>&nbsp;<\/p>\n","protected":false},"excerpt":{"rendered":"<p>Uma crian\u00e7a de 6 anos foi levada ao hospital em estado grave ap\u00f3s cair de uma atra\u00e7\u00e3o no Beto Carrero World em Penha, no Litoral Norte catarinense, no s\u00e1bado (19). Segundo a administra\u00e7\u00e3o do local, o menino estava na estrutura de uma est\u00e1tua de um gorila, onde os visitantes costumam tirar fotos, quando ocorreu a &hellip;<\/p>\n","protected":false},"author":1,"featured_media":16789,"comment_status":"closed","ping_status":"closed","sticky":false,"template":"","format":"standard","meta":{"_jetpack_newsletter_access":"","_jetpack_dont_email_post_to_subs":false,"_jetpack_newsletter_tier_id":0,"_jetpack_memberships_contains_paywalled_content":false,"_jetpack_memberships_contains_paid_content":false,"footnotes":""},"categories":[1],"tags":[],"class_list":["post-16788","post","type-post","status-publish","format-standard","has-post-thumbnail","hentry","category-destaque"],"jetpack_sharing_enabled":true,"jetpack_featured_media_url":"","_links":{"self":[{"href":"https:\/\/www.oparanews.com.br\/index.php\/wp-json\/wp\/v2\/posts\/16788","targetHints":{"allow":["GET"]}}],"collection":[{"href":"https:\/\/www.oparanews.com.br\/index.php\/wp-json\/wp\/v2\/posts"}],"about":[{"href":"https:\/\/www.oparanews.com.br\/index.php\/wp-json\/wp\/v2\/types\/post"}],"author":[{"embeddable":true,"href":"https:\/\/www.oparanews.com.br\/index.php\/wp-json\/wp\/v2\/users\/1"}],"replies":[{"embeddable":true,"href":"https:\/\/www.oparanews.com.br\/index.php\/wp-json\/wp\/v2\/comments?post=16788"}],"version-history":[{"count":0,"href":"https:\/\/www.oparanews.com.br\/index.php\/wp-json\/wp\/v2\/posts\/16788\/revisions"}],"wp:attachment":[{"href":"https:\/\/www.oparanews.com.br\/index.php\/wp-json\/wp\/v2\/media?parent=16788"}],"wp:term":[{"taxonomy":"category","embeddable":true,"href":"https:\/\/www.oparanews.com.br\/index.php\/wp-json\/wp\/v2\/categories?post=16788"},{"taxonomy":"post_tag","embeddable":true,"href":"https:\/\/www.oparanews.com.br\/index.php\/wp-json\/wp\/v2\/tags?post=16788"}],"curies":[{"name":"wp","href":"https:\/\/api.w.org\/{rel}","templated":true}]}}