{"id":16791,"date":"2021-06-21T14:04:47","date_gmt":"2021-06-21T14:04:47","guid":{"rendered":"https:\/\/oparanews.com.br\/?p=16791"},"modified":"2021-06-21T14:04:47","modified_gmt":"2021-06-21T14:04:47","slug":"vigilancia-sanitaria-interdita-avicola-e-apreende-quase-meia-tonelada-de-alimentos","status":"publish","type":"post","link":"https:\/\/www.oparanews.com.br\/index.php\/2021\/06\/21\/vigilancia-sanitaria-interdita-avicola-e-apreende-quase-meia-tonelada-de-alimentos\/","title":{"rendered":"Vigil\u00e2ncia Sanit\u00e1ria interdita av\u00edcola e apreende quase meia tonelada de alimentos"},"content":{"rendered":"<p>Uma av\u00edcola interditada e quase meia tonelada de carne bovina, su\u00edna e latic\u00ednios estragados em a\u00e7ougue foram o saldo de mais uma opera\u00e7\u00e3o de fiscaliza\u00e7\u00e3o da Vigil\u00e2ncia Sanit\u00e1ria (Visa) neste domingo (20), no bairro do Jacintinho.<\/p>\n<p>De acordo com Jos\u00e9 Airton, coordenador da Visa na capital, a interdi\u00e7\u00e3o da av\u00edcola foi das mais impactantes que ele j\u00e1 fez. Do come\u00e7o do ano at\u00e9 agora, a Vigil\u00e2ncia j\u00e1 interditou diversos estabelecimento por descumprimento das normas sanit\u00e1rias e j\u00e1 apreendeu mais de 20 toneladas de alimento sem condi\u00e7\u00e3o de consumo.<\/p>\n<p>\u201cO que vimos nessa av\u00edcola, hoje, chamou bastante a aten\u00e7\u00e3o, tendo em vista que o risco sanit\u00e1rio para a popula\u00e7\u00e3o era iminente e alto. Fezes, \u00e1gua e o frango para o abate tudo junto. Funcion\u00e1rios do local sem EPIs, facas e utens\u00edlios em geral sem a m\u00ednima condi\u00e7\u00e3o de uso. Enfim, um local que trata de alimento, mas sem nenhum vest\u00edgio de higiene\u201d, destacou o coordenador.<\/p>\n<p>Os locais foram autuados, ser\u00e3o multados e t\u00eam o prazo de 30 dias para se adequar \u00e0s orienta\u00e7\u00f5es repassadas pelos fiscais, que retornam ao estabelecimentos para conferir se as exig\u00eancias e adequa\u00e7\u00f5es sanit\u00e1rias foram cumpridas.<\/p>\n<p>&nbsp;<\/p>\n<p><strong>Fonte: Secom Macei\u00f3<\/strong><\/p>\n<p>&nbsp;<\/p>\n","protected":false},"excerpt":{"rendered":"<p>Uma av\u00edcola interditada e quase meia tonelada de carne bovina, su\u00edna e latic\u00ednios estragados em a\u00e7ougue foram o saldo de mais uma opera\u00e7\u00e3o de fiscaliza\u00e7\u00e3o da Vigil\u00e2ncia Sanit\u00e1ria (Visa) neste domingo (20), no bairro do Jacintinho. De acordo com Jos\u00e9 Airton, coordenador da Visa na capital, a interdi\u00e7\u00e3o da av\u00edcola foi das mais impactantes que &hellip;<\/p>\n","protected":false},"author":1,"featured_media":16792,"comment_status":"closed","ping_status":"closed","sticky":false,"template":"","format":"standard","meta":{"_jetpack_newsletter_access":"","_jetpack_dont_email_post_to_subs":false,"_jetpack_newsletter_tier_id":0,"_jetpack_memberships_contains_paywalled_content":false,"_jetpack_memberships_contains_paid_content":false,"footnotes":""},"categories":[1],"tags":[],"class_list":["post-16791","post","type-post","status-publish","format-standard","has-post-thumbnail","hentry","category-destaque"],"jetpack_sharing_enabled":true,"jetpack_featured_media_url":"","_links":{"self":[{"href":"https:\/\/www.oparanews.com.br\/index.php\/wp-json\/wp\/v2\/posts\/16791","targetHints":{"allow":["GET"]}}],"collection":[{"href":"https:\/\/www.oparanews.com.br\/index.php\/wp-json\/wp\/v2\/posts"}],"about":[{"href":"https:\/\/www.oparanews.com.br\/index.php\/wp-json\/wp\/v2\/types\/post"}],"author":[{"embeddable":true,"href":"https:\/\/www.oparanews.com.br\/index.php\/wp-json\/wp\/v2\/users\/1"}],"replies":[{"embeddable":true,"href":"https:\/\/www.oparanews.com.br\/index.php\/wp-json\/wp\/v2\/comments?post=16791"}],"version-history":[{"count":0,"href":"https:\/\/www.oparanews.com.br\/index.php\/wp-json\/wp\/v2\/posts\/16791\/revisions"}],"wp:attachment":[{"href":"https:\/\/www.oparanews.com.br\/index.php\/wp-json\/wp\/v2\/media?parent=16791"}],"wp:term":[{"taxonomy":"category","embeddable":true,"href":"https:\/\/www.oparanews.com.br\/index.php\/wp-json\/wp\/v2\/categories?post=16791"},{"taxonomy":"post_tag","embeddable":true,"href":"https:\/\/www.oparanews.com.br\/index.php\/wp-json\/wp\/v2\/tags?post=16791"}],"curies":[{"name":"wp","href":"https:\/\/api.w.org\/{rel}","templated":true}]}}