{"id":16794,"date":"2021-06-21T17:04:37","date_gmt":"2021-06-21T17:04:37","guid":{"rendered":"https:\/\/oparanews.com.br\/?p=16794"},"modified":"2021-06-21T17:04:37","modified_gmt":"2021-06-21T17:04:37","slug":"meio-ambiente-de-penedo-lanca-programa-a-praca-e-nossa-eu-curto-eu-cuido","status":"publish","type":"post","link":"https:\/\/www.oparanews.com.br\/index.php\/2021\/06\/21\/meio-ambiente-de-penedo-lanca-programa-a-praca-e-nossa-eu-curto-eu-cuido\/","title":{"rendered":"Meio Ambiente de Penedo lan\u00e7a Programa A Pra\u00e7a \u00e9 Nossa: Eu Curto, Eu Cuido"},"content":{"rendered":"<p>A Secretaria Municipal de Meio Ambiente e recursos h\u00eddricos (SEMARH), da Prefeitura de Penedo, trabalha para a prote\u00e7\u00e3o ambiental em todo o munic\u00edpio.<\/p>\n<p>Por isso desenvolve programas como o A Pra\u00e7a \u00e9 Nossa: Eu Curto, Eu Cuido, que tem o objetivo de cuidar, manter e realizar pequenas reformas nas pra\u00e7as de Penedo.<\/p>\n<p>Sendo essa mais uma a\u00e7\u00e3o da gest\u00e3o Crescendo com Seu Povo, em prol do meio ambiente.<\/p>\n<p>Transformando com isso, as pra\u00e7as p\u00fablicas do munic\u00edpio, oferecendo a popula\u00e7\u00e3o penedense espa\u00e7os confort\u00e1veis e aconchegantes, em conson\u00e2ncia com a natureza, resultando em uma melhor qualidade de vida para todos.<\/p>\n<p>De acordo com a SEMARH, o cronograma ser\u00e1 efetivado de forma continua. Tendo como prazo final o ano de 2024, quando todas as pra\u00e7as da cidade j\u00e1 ter\u00e3o passado pelos cuidados da Prefeitura de Penedo.<\/p>\n<p>Entre os servi\u00e7os que que j\u00e1 est\u00e3o sendo executados para manuten\u00e7\u00e3o e recupera\u00e7\u00e3o das pra\u00e7as p\u00fablicas, est\u00e3o podas de arvores de pequeno , m\u00e9dio e grande porte, limpezas, servi\u00e7os de paisagismo, pinturas instala\u00e7\u00e3o de lixeiras, reforma de pisos e bancos e recupera\u00e7\u00e3o dos passeios.<\/p>\n<p>Os trabalhos j\u00e1 tiveram in\u00edcio na pra\u00e7a do bairro Senhor do Bonfim (oiteiro), localidade que tamb\u00e9m est\u00e1 inserida no Programa Meu Bairro Melhor, e na Pra\u00e7a Frei Camilo de Lellis, localizada em frente ao Convento Nossa Senhora dos Anjos, dentre outras.<\/p>\n<p>&nbsp;<\/p>\n<p><strong>por Thiago Sobral &#8211; Decom PMP<\/strong><\/p>\n<p>&nbsp;<\/p>\n","protected":false},"excerpt":{"rendered":"<p>A Secretaria Municipal de Meio Ambiente e recursos h\u00eddricos (SEMARH), da Prefeitura de Penedo, trabalha para a prote\u00e7\u00e3o ambiental em todo o munic\u00edpio. Por isso desenvolve programas como o A Pra\u00e7a \u00e9 Nossa: Eu Curto, Eu Cuido, que tem o objetivo de cuidar, manter e realizar pequenas reformas nas pra\u00e7as de Penedo. Sendo essa mais &hellip;<\/p>\n","protected":false},"author":1,"featured_media":16795,"comment_status":"closed","ping_status":"closed","sticky":false,"template":"","format":"standard","meta":{"_jetpack_newsletter_access":"","_jetpack_dont_email_post_to_subs":false,"_jetpack_newsletter_tier_id":0,"_jetpack_memberships_contains_paywalled_content":false,"_jetpack_memberships_contains_paid_content":false,"footnotes":""},"categories":[1],"tags":[],"class_list":["post-16794","post","type-post","status-publish","format-standard","has-post-thumbnail","hentry","category-destaque"],"jetpack_sharing_enabled":true,"jetpack_featured_media_url":"","_links":{"self":[{"href":"https:\/\/www.oparanews.com.br\/index.php\/wp-json\/wp\/v2\/posts\/16794","targetHints":{"allow":["GET"]}}],"collection":[{"href":"https:\/\/www.oparanews.com.br\/index.php\/wp-json\/wp\/v2\/posts"}],"about":[{"href":"https:\/\/www.oparanews.com.br\/index.php\/wp-json\/wp\/v2\/types\/post"}],"author":[{"embeddable":true,"href":"https:\/\/www.oparanews.com.br\/index.php\/wp-json\/wp\/v2\/users\/1"}],"replies":[{"embeddable":true,"href":"https:\/\/www.oparanews.com.br\/index.php\/wp-json\/wp\/v2\/comments?post=16794"}],"version-history":[{"count":0,"href":"https:\/\/www.oparanews.com.br\/index.php\/wp-json\/wp\/v2\/posts\/16794\/revisions"}],"wp:attachment":[{"href":"https:\/\/www.oparanews.com.br\/index.php\/wp-json\/wp\/v2\/media?parent=16794"}],"wp:term":[{"taxonomy":"category","embeddable":true,"href":"https:\/\/www.oparanews.com.br\/index.php\/wp-json\/wp\/v2\/categories?post=16794"},{"taxonomy":"post_tag","embeddable":true,"href":"https:\/\/www.oparanews.com.br\/index.php\/wp-json\/wp\/v2\/tags?post=16794"}],"curies":[{"name":"wp","href":"https:\/\/api.w.org\/{rel}","templated":true}]}}