{"id":16797,"date":"2021-06-22T00:19:42","date_gmt":"2021-06-22T00:19:42","guid":{"rendered":"https:\/\/oparanews.com.br\/?p=16797"},"modified":"2021-06-22T00:19:42","modified_gmt":"2021-06-22T00:19:42","slug":"alagoas-confirma-mais-730-casos-e-21-mortes-por-covid","status":"publish","type":"post","link":"https:\/\/www.oparanews.com.br\/index.php\/2021\/06\/22\/alagoas-confirma-mais-730-casos-e-21-mortes-por-covid\/","title":{"rendered":"Alagoas confirma mais 730 casos e 21 mortes por Covid"},"content":{"rendered":"<p>Alagoas confirmou mais 730 casos e 21 mortes por Covid, segundo o boletim epidemiol\u00f3gico da Secretaria de Estado da Sa\u00fade (Sesau) desta segunda-feira (21).<\/p>\n<p>O n\u00famero de casos confirmados no estado desde o come\u00e7o da pandemia chegou a 210.301. O total de \u00f3bitos subiu para 5.155.<\/p>\n<p>Dos casos confirmados, 200.476 pacientes est\u00e3o recuperados e outros 4.004 ainda est\u00e3o em tratamento com indica\u00e7\u00e3o para isolamento domiciliar.<\/p>\n<p>H\u00e1 13.543 casos suspeitos, \u00e0 espera de libera\u00e7\u00e3o de resultado positivo ou negativo para infec\u00e7\u00e3o pelo coronav\u00edrus.<\/p>\n<p><strong>Mais 21 mortes por Covid<\/strong><\/p>\n<p>Macei\u00f3: Homem, 46 anos \u2013 hipertenso e tinha gota<br \/>\nMacei\u00f3: Homem, 69 anos \u2013 cardiopata, diab\u00e9tico, hipertenso e tinha sequelas de um AVC<br \/>\nMacei\u00f3: Homem, 80 anos \u2013 hipertenso, diab\u00e9tico e cardiopata<br \/>\nArapiraca: Homem, 36 anos \u2013 asma, obesidade, hipertens\u00e3o e diabetes<br \/>\nArapiraca: Homem, 76 anos \u2013 hipertenso<br \/>\nArapiraca: Homem, 86 anos \u2013 doen\u00e7a cardiovascular<br \/>\nBarra de Santo Ant\u00f4nio: Homem, 84 anos \u2013 doen\u00e7a neurol\u00f3gica<br \/>\nBarra de Santo Ant\u00f4nio: Mulher, 23 anos \u2013 doen\u00e7a cardiovascular<br \/>\nBarra de Santo Ant\u00f4nio: Mulher, 36 anos \u2013 sem comorbidades<br \/>\nPalmeira dos \u00cdndios: Homem, 65 anos \u2013 sem comorbidades<br \/>\nPalmeira dos \u00cdndios: Mulher, 53 anos \u2013 diab\u00e9tica e hipertensa<br \/>\nSantana do Ipanema: Mulher, 76 anos \u2013 sem comorbidades<br \/>\nCarneiros: Homem, 44 anos \u2013 obeso<br \/>\nSatuba: Homem, 47 anos \u2013 sem comorbidades<br \/>\nTeot\u00f4nio Vilela: Homem, 50 anos \u2013 Sem comorbidades<br \/>\nCajueiro: Homem, 82 anos \u2013 doen\u00e7a cr\u00f4nica<br \/>\nCanapi: Mulher, 23 anos &#8211; doen\u00e7a cardiovascular<br \/>\nS\u00e3o Miguel dos Campos: Mulher, 44 anos \u2013 sem comorbidades<br \/>\nMinador do Negr\u00e3o: Mulher, 44 anos \u2013 hipertensa e tinha feito transplante renal<br \/>\nBatalha: Mulher, 57 anos \u2013 obesa<br \/>\nOliven\u00e7a: Mulher, 63 anos \u2013 diabetes e doen\u00e7a cardiovascular<\/p>\n<p>&nbsp;<\/p>\n<p><strong>Fonte: G1\/AL<\/strong><\/p>\n<p>&nbsp;<\/p>\n","protected":false},"excerpt":{"rendered":"<p>Alagoas confirmou mais 730 casos e 21 mortes por Covid, segundo o boletim epidemiol\u00f3gico da Secretaria de Estado da Sa\u00fade (Sesau) desta segunda-feira (21). O n\u00famero de casos confirmados no estado desde o come\u00e7o da pandemia chegou a 210.301. O total de \u00f3bitos subiu para 5.155. Dos casos confirmados, 200.476 pacientes est\u00e3o recuperados e outros &hellip;<\/p>\n","protected":false},"author":1,"featured_media":14460,"comment_status":"closed","ping_status":"closed","sticky":false,"template":"","format":"standard","meta":{"_jetpack_newsletter_access":"","_jetpack_dont_email_post_to_subs":false,"_jetpack_newsletter_tier_id":0,"_jetpack_memberships_contains_paywalled_content":false,"_jetpack_memberships_contains_paid_content":false,"footnotes":""},"categories":[1],"tags":[],"class_list":["post-16797","post","type-post","status-publish","format-standard","has-post-thumbnail","hentry","category-destaque"],"jetpack_sharing_enabled":true,"jetpack_featured_media_url":"","_links":{"self":[{"href":"https:\/\/www.oparanews.com.br\/index.php\/wp-json\/wp\/v2\/posts\/16797","targetHints":{"allow":["GET"]}}],"collection":[{"href":"https:\/\/www.oparanews.com.br\/index.php\/wp-json\/wp\/v2\/posts"}],"about":[{"href":"https:\/\/www.oparanews.com.br\/index.php\/wp-json\/wp\/v2\/types\/post"}],"author":[{"embeddable":true,"href":"https:\/\/www.oparanews.com.br\/index.php\/wp-json\/wp\/v2\/users\/1"}],"replies":[{"embeddable":true,"href":"https:\/\/www.oparanews.com.br\/index.php\/wp-json\/wp\/v2\/comments?post=16797"}],"version-history":[{"count":0,"href":"https:\/\/www.oparanews.com.br\/index.php\/wp-json\/wp\/v2\/posts\/16797\/revisions"}],"wp:attachment":[{"href":"https:\/\/www.oparanews.com.br\/index.php\/wp-json\/wp\/v2\/media?parent=16797"}],"wp:term":[{"taxonomy":"category","embeddable":true,"href":"https:\/\/www.oparanews.com.br\/index.php\/wp-json\/wp\/v2\/categories?post=16797"},{"taxonomy":"post_tag","embeddable":true,"href":"https:\/\/www.oparanews.com.br\/index.php\/wp-json\/wp\/v2\/tags?post=16797"}],"curies":[{"name":"wp","href":"https:\/\/api.w.org\/{rel}","templated":true}]}}