{"id":16812,"date":"2021-06-22T19:10:14","date_gmt":"2021-06-22T19:10:14","guid":{"rendered":"https:\/\/oparanews.com.br\/?p=16812"},"modified":"2021-06-22T19:10:14","modified_gmt":"2021-06-22T19:10:14","slug":"ponto-de-encontro-estreia-nesta-quarta-23-no-facebook-do-oparanews","status":"publish","type":"post","link":"https:\/\/www.oparanews.com.br\/index.php\/2021\/06\/22\/ponto-de-encontro-estreia-nesta-quarta-23-no-facebook-do-oparanews\/","title":{"rendered":"&#8220;Ponto de Encontro&#8221; estreia nesta quarta, 23, no Facebook do OparaNews"},"content":{"rendered":"<p>Mais uma vez o portal de not\u00edcias OparaNews inova para levar ainda mais conte\u00fado para seus leitores. Desta vez, o site ir\u00e1 iniciar uma s\u00e9rie de entrevistas ao vivo atrav\u00e9s da p\u00e1gina oficial no Facebook.<\/p>\n<p>A estreia do programa acontecer\u00e1 nesta quarta-feira, 23, \u00e0s 10h30, e o primeiro entrevistado ser\u00e1 o secret\u00e1rio de Sa\u00fade do munic\u00edpio de Penedo, Guilherme Lopes, que ali\u00e1s vem desempenhando um papel relevante na luta contra a Covid-19 no munic\u00edpio ribeirinho.<\/p>\n<p><a href=\"https:\/\/oparanews.com.br\/ponto-de-encontro-estreia-nesta-quarta-23-no-facebook-do-oparanews\/ponto-de-encontro\/\" rel=\"attachment wp-att-16814\"><img loading=\"lazy\" decoding=\"async\" class=\"aligncenter size-full wp-image-16814\" src=\"https:\/\/oparanews.com.br\/wp-content\/uploads\/2021\/06\/PONTO-DE-ENCONTRO.jpg\" alt=\"\" width=\"1080\" height=\"1920\" \/><\/a><\/p>\n<p>O entrevistador do programa ser\u00e1 o nosso rep\u00f3rter e radialista Valdi Fernando.<\/p>\n<p>Fiquem ligados a partir das 10h30 na p\u00e1gina do OparaNews no Facebook atrav\u00e9s do link abaixo:<\/p>\n<p><a href=\"https:\/\/www.facebook.com\/oparanewspenedo\"><strong>https:\/\/www.facebook.com\/oparanewspenedo<\/strong><\/a><\/p>\n<p><strong>por Reda\u00e7\u00e3o<\/strong><\/p>\n<p>&nbsp;<\/p>\n","protected":false},"excerpt":{"rendered":"<p>Mais uma vez o portal de not\u00edcias OparaNews inova para levar ainda mais conte\u00fado para seus leitores. Desta vez, o site ir\u00e1 iniciar uma s\u00e9rie de entrevistas ao vivo atrav\u00e9s da p\u00e1gina oficial no Facebook. A estreia do programa acontecer\u00e1 nesta quarta-feira, 23, \u00e0s 10h30, e o primeiro entrevistado ser\u00e1 o secret\u00e1rio de Sa\u00fade do &hellip;<\/p>\n","protected":false},"author":1,"featured_media":16813,"comment_status":"closed","ping_status":"closed","sticky":false,"template":"","format":"standard","meta":{"_jetpack_newsletter_access":"","_jetpack_dont_email_post_to_subs":false,"_jetpack_newsletter_tier_id":0,"_jetpack_memberships_contains_paywalled_content":false,"_jetpack_memberships_contains_paid_content":false,"footnotes":""},"categories":[1],"tags":[],"class_list":["post-16812","post","type-post","status-publish","format-standard","has-post-thumbnail","hentry","category-destaque"],"jetpack_sharing_enabled":true,"jetpack_featured_media_url":"","_links":{"self":[{"href":"https:\/\/www.oparanews.com.br\/index.php\/wp-json\/wp\/v2\/posts\/16812","targetHints":{"allow":["GET"]}}],"collection":[{"href":"https:\/\/www.oparanews.com.br\/index.php\/wp-json\/wp\/v2\/posts"}],"about":[{"href":"https:\/\/www.oparanews.com.br\/index.php\/wp-json\/wp\/v2\/types\/post"}],"author":[{"embeddable":true,"href":"https:\/\/www.oparanews.com.br\/index.php\/wp-json\/wp\/v2\/users\/1"}],"replies":[{"embeddable":true,"href":"https:\/\/www.oparanews.com.br\/index.php\/wp-json\/wp\/v2\/comments?post=16812"}],"version-history":[{"count":0,"href":"https:\/\/www.oparanews.com.br\/index.php\/wp-json\/wp\/v2\/posts\/16812\/revisions"}],"wp:attachment":[{"href":"https:\/\/www.oparanews.com.br\/index.php\/wp-json\/wp\/v2\/media?parent=16812"}],"wp:term":[{"taxonomy":"category","embeddable":true,"href":"https:\/\/www.oparanews.com.br\/index.php\/wp-json\/wp\/v2\/categories?post=16812"},{"taxonomy":"post_tag","embeddable":true,"href":"https:\/\/www.oparanews.com.br\/index.php\/wp-json\/wp\/v2\/tags?post=16812"}],"curies":[{"name":"wp","href":"https:\/\/api.w.org\/{rel}","templated":true}]}}