{"id":16817,"date":"2021-06-23T01:47:52","date_gmt":"2021-06-23T01:47:52","guid":{"rendered":"https:\/\/oparanews.com.br\/?p=16817"},"modified":"2021-06-23T01:47:52","modified_gmt":"2021-06-23T01:47:52","slug":"secretaria-de-saude-de-penedo-vacina-gestantes-e-puerperas-dos-grupos-prioritarios","status":"publish","type":"post","link":"https:\/\/www.oparanews.com.br\/index.php\/2021\/06\/23\/secretaria-de-saude-de-penedo-vacina-gestantes-e-puerperas-dos-grupos-prioritarios\/","title":{"rendered":"Secretaria de Sa\u00fade de Penedo vacina gestantes e pu\u00e9rperas dos grupos priorit\u00e1rios"},"content":{"rendered":"<p>A Secretaria Municipal de Sa\u00fade- SEMS da Prefeitura de Penedo est\u00e1 vacinando gestantes e pu\u00e9rperas pertencentes a grupos priorit\u00e1rios, com 35 anos ou mais.<\/p>\n<p>A imuniza\u00e7\u00e3o come\u00e7a na pr\u00f3xima quarta-feira (23), sendo realizada no Gin\u00e1sio de Esportes da Escola Estadual Ernani Mero.<\/p>\n<p>Para ser imunizada a gestante ou pu\u00e9rpera precisa ter comorbidades, ou fazer parte do grupo de profissionais da educa\u00e7\u00e3o, ser deficiente permanente, profissional da sa\u00fade ou quilombola.<\/p>\n<p>Ao comparecer no local designado para vacina\u00e7\u00e3o, \u00e9 preciso levar documento com foto, comprovante de resid\u00eancia e cart\u00e3o do sus.<\/p>\n<p>Tamb\u00e9m \u00e9 preciso levar autoriza\u00e7\u00e3o m\u00e9dica e comprova\u00e7\u00e3o de pertencimento ao grupo priorit\u00e1rio. No caso das pu\u00e9rperas \u00e9 preciso ter no m\u00e1ximo 45 dias do parto.<\/p>\n<p><strong>Vacina\u00e7\u00e3o<\/strong><\/p>\n<p>Al\u00e9m disso, a SEMS est\u00e1 vacinando pessoas a partir de 43 anos de idade, come\u00e7ando tamb\u00e9m na quarta-feira (21), com as pessoas de 44 anos e prosseguindo na quinta-feira, 22, para o p\u00fablico de 43.<\/p>\n<p>\u00c0 medida que Penedo recebe novas doses da vacina, a gest\u00e3o Crescendo Com Seu Povo inclui novas faixas et\u00e1rias da popula\u00e7\u00e3o, vacinando a popula\u00e7\u00e3o penedense em massa.<\/p>\n<p>A campanha de vacina\u00e7\u00e3o contra o novo corona v\u00edrus avan\u00e7a em Penedo. J\u00e1 foram imunizados at\u00e9 o momento 20.190 pessoas, cerca de 35% da popula\u00e7\u00e3o.<\/p>\n<p>&nbsp;<\/p>\n<p><strong>por Thiago Sobral -Decom PMP<\/strong><\/p>\n<p>&nbsp;<\/p>\n","protected":false},"excerpt":{"rendered":"<p>A Secretaria Municipal de Sa\u00fade- SEMS da Prefeitura de Penedo est\u00e1 vacinando gestantes e pu\u00e9rperas pertencentes a grupos priorit\u00e1rios, com 35 anos ou mais. A imuniza\u00e7\u00e3o come\u00e7a na pr\u00f3xima quarta-feira (23), sendo realizada no Gin\u00e1sio de Esportes da Escola Estadual Ernani Mero. Para ser imunizada a gestante ou pu\u00e9rpera precisa ter comorbidades, ou fazer parte &hellip;<\/p>\n","protected":false},"author":1,"featured_media":16818,"comment_status":"closed","ping_status":"closed","sticky":false,"template":"","format":"standard","meta":{"_jetpack_newsletter_access":"","_jetpack_dont_email_post_to_subs":false,"_jetpack_newsletter_tier_id":0,"_jetpack_memberships_contains_paywalled_content":false,"_jetpack_memberships_contains_paid_content":false,"footnotes":""},"categories":[1],"tags":[],"class_list":["post-16817","post","type-post","status-publish","format-standard","has-post-thumbnail","hentry","category-destaque"],"jetpack_sharing_enabled":true,"jetpack_featured_media_url":"","_links":{"self":[{"href":"https:\/\/www.oparanews.com.br\/index.php\/wp-json\/wp\/v2\/posts\/16817","targetHints":{"allow":["GET"]}}],"collection":[{"href":"https:\/\/www.oparanews.com.br\/index.php\/wp-json\/wp\/v2\/posts"}],"about":[{"href":"https:\/\/www.oparanews.com.br\/index.php\/wp-json\/wp\/v2\/types\/post"}],"author":[{"embeddable":true,"href":"https:\/\/www.oparanews.com.br\/index.php\/wp-json\/wp\/v2\/users\/1"}],"replies":[{"embeddable":true,"href":"https:\/\/www.oparanews.com.br\/index.php\/wp-json\/wp\/v2\/comments?post=16817"}],"version-history":[{"count":0,"href":"https:\/\/www.oparanews.com.br\/index.php\/wp-json\/wp\/v2\/posts\/16817\/revisions"}],"wp:attachment":[{"href":"https:\/\/www.oparanews.com.br\/index.php\/wp-json\/wp\/v2\/media?parent=16817"}],"wp:term":[{"taxonomy":"category","embeddable":true,"href":"https:\/\/www.oparanews.com.br\/index.php\/wp-json\/wp\/v2\/categories?post=16817"},{"taxonomy":"post_tag","embeddable":true,"href":"https:\/\/www.oparanews.com.br\/index.php\/wp-json\/wp\/v2\/tags?post=16817"}],"curies":[{"name":"wp","href":"https:\/\/api.w.org\/{rel}","templated":true}]}}