{"id":16820,"date":"2021-06-23T01:49:41","date_gmt":"2021-06-23T01:49:41","guid":{"rendered":"https:\/\/oparanews.com.br\/?p=16820"},"modified":"2021-06-23T01:49:41","modified_gmt":"2021-06-23T01:49:41","slug":"prefeitura-de-penedo-vacina-pessoas-a-partir-de-41-anos-contra-covid-19","status":"publish","type":"post","link":"https:\/\/www.oparanews.com.br\/index.php\/2021\/06\/23\/prefeitura-de-penedo-vacina-pessoas-a-partir-de-41-anos-contra-covid-19\/","title":{"rendered":"Prefeitura de Penedo vacina pessoas a partir de 41 anos contra Covid-19"},"content":{"rendered":"<p>A Prefeitura de Penedo, por meio da SEMS \u2013 Secretaria Municipal de Sa\u00fade, baixou a idade m\u00ednima da vacina\u00e7\u00e3o contra Covid-19 para 41 anos.<\/p>\n<p>A partir da pr\u00f3xima quarta-feira, 23 de junho, a SEMS vacina pessoas com 42 anos ou mais, prosseguindo na quinta-feira (24) para o p\u00fablico-alvo com mais de 41 anos de idade.<\/p>\n<p>A imuniza\u00e7\u00e3o para essas faixas et\u00e1rias ser\u00e1 realizada no gin\u00e1sio de esportes da Escola Estadual Ernani M\u00e9ro, das 8h as 16h.<\/p>\n<p>Local com estrutura exclusiva para imuniza\u00e7\u00e3o com a vacina produzida pelas empresas Pfizer e BioNTech.<\/p>\n<p>As faixas et\u00e1rias acima da idade m\u00ednima continuam sendo vacinadas, nos dias posteriores \u00e0 data informada para iniciar as novas idades.<\/p>\n<p><a href=\"https:\/\/oparanews.com.br\/prefeitura-de-penedo-vacina-pessoas-a-partir-de-41-anos-contra-covid-19\/sem-titulo-3608\/\" rel=\"attachment wp-att-16822\"><img loading=\"lazy\" decoding=\"async\" class=\"alignleft size-medium wp-image-16822\" src=\"https:\/\/oparanews.com.br\/wp-content\/uploads\/2021\/06\/Sem-t\u00edtulo-196-274x300.jpg\" alt=\"\" width=\"274\" height=\"300\" \/><\/a>\u00c0 medida que Penedo recebe novas doses da vacina, a gest\u00e3o Crescendo Com Seu Povo inclui novas faixas et\u00e1rias da popula\u00e7\u00e3o, vacinando a popula\u00e7\u00e3o penedense em massa.<\/p>\n<p>A campanha de vacina\u00e7\u00e3o contra o novo coronav\u00edrus avan\u00e7a em Penedo. J\u00e1 foram imunizados at\u00e9 o momento 20.190 pessoas, correspondendo a mais de 35% da popula\u00e7\u00e3o penedense.<\/p>\n<p>Para ser vacinado contra Covid-19, a pessoa deve levar documento oficial com foto, cart\u00e3o do SUS e comprovante de resid\u00eancia.<\/p>\n<p>&nbsp;<\/p>\n<p><strong>por Thiago Sobral &#8211; Decom PMP<\/strong><\/p>\n<p>&nbsp;<\/p>\n","protected":false},"excerpt":{"rendered":"<p>A Prefeitura de Penedo, por meio da SEMS \u2013 Secretaria Municipal de Sa\u00fade, baixou a idade m\u00ednima da vacina\u00e7\u00e3o contra Covid-19 para 41 anos. A partir da pr\u00f3xima quarta-feira, 23 de junho, a SEMS vacina pessoas com 42 anos ou mais, prosseguindo na quinta-feira (24) para o p\u00fablico-alvo com mais de 41 anos de idade. &hellip;<\/p>\n","protected":false},"author":1,"featured_media":16821,"comment_status":"closed","ping_status":"closed","sticky":false,"template":"","format":"standard","meta":{"_jetpack_newsletter_access":"","_jetpack_dont_email_post_to_subs":false,"_jetpack_newsletter_tier_id":0,"_jetpack_memberships_contains_paywalled_content":false,"_jetpack_memberships_contains_paid_content":false,"footnotes":""},"categories":[1],"tags":[],"class_list":["post-16820","post","type-post","status-publish","format-standard","has-post-thumbnail","hentry","category-destaque"],"jetpack_sharing_enabled":true,"jetpack_featured_media_url":"","_links":{"self":[{"href":"https:\/\/www.oparanews.com.br\/index.php\/wp-json\/wp\/v2\/posts\/16820","targetHints":{"allow":["GET"]}}],"collection":[{"href":"https:\/\/www.oparanews.com.br\/index.php\/wp-json\/wp\/v2\/posts"}],"about":[{"href":"https:\/\/www.oparanews.com.br\/index.php\/wp-json\/wp\/v2\/types\/post"}],"author":[{"embeddable":true,"href":"https:\/\/www.oparanews.com.br\/index.php\/wp-json\/wp\/v2\/users\/1"}],"replies":[{"embeddable":true,"href":"https:\/\/www.oparanews.com.br\/index.php\/wp-json\/wp\/v2\/comments?post=16820"}],"version-history":[{"count":0,"href":"https:\/\/www.oparanews.com.br\/index.php\/wp-json\/wp\/v2\/posts\/16820\/revisions"}],"wp:attachment":[{"href":"https:\/\/www.oparanews.com.br\/index.php\/wp-json\/wp\/v2\/media?parent=16820"}],"wp:term":[{"taxonomy":"category","embeddable":true,"href":"https:\/\/www.oparanews.com.br\/index.php\/wp-json\/wp\/v2\/categories?post=16820"},{"taxonomy":"post_tag","embeddable":true,"href":"https:\/\/www.oparanews.com.br\/index.php\/wp-json\/wp\/v2\/tags?post=16820"}],"curies":[{"name":"wp","href":"https:\/\/api.w.org\/{rel}","templated":true}]}}