{"id":16825,"date":"2021-06-23T01:53:20","date_gmt":"2021-06-23T01:53:20","guid":{"rendered":"https:\/\/oparanews.com.br\/?p=16825"},"modified":"2021-06-23T01:53:20","modified_gmt":"2021-06-23T01:53:20","slug":"trabalhadores-que-atuam-na-linha-de-frente-de-combate-a-covid-sao-homenageados-em-penedo","status":"publish","type":"post","link":"https:\/\/www.oparanews.com.br\/index.php\/2021\/06\/23\/trabalhadores-que-atuam-na-linha-de-frente-de-combate-a-covid-sao-homenageados-em-penedo\/","title":{"rendered":"Trabalhadores que atuam na linha de frente de combate \u00e0 Covid s\u00e3o homenageados em Penedo"},"content":{"rendered":"<p>O empenho do pessoal que atua na linha de frente no combate ao coronav\u00edrus em Penedo torna o munic\u00edpio refer\u00eancia positiva no controle da pandemia em Alagoas. O trabalho desenvolvido por trabalhadores da Secretaria Municipal de Sa\u00fade \u00e9 ineg\u00e1vel, digno da homenagem preparada nesta ter\u00e7a-feira, 22.<\/p>\n<p><a href=\"https:\/\/oparanews.com.br\/trabalhadores-que-atuam-na-linha-de-frente-de-combate-a-covid-sao-homenageados-em-penedo\/sem-titulo-3611\/\" rel=\"attachment wp-att-16828\"><img loading=\"lazy\" decoding=\"async\" class=\"alignleft size-medium wp-image-16828\" src=\"https:\/\/oparanews.com.br\/wp-content\/uploads\/2021\/06\/Sem-t\u00edtulo-199-300x200.jpg\" alt=\"\" width=\"300\" height=\"200\" \/><\/a>Do motorista ao m\u00e9dico, todas as categorias diretamente envolvidas no enfrentamento \u00e0 Covid-19 foram parabenizadas, com entrega de placa comemorativa a um representante de cada setor, principalmente da Unidade de Refer\u00eancias em S\u00edndromes Gripais e da Unidade de Pronto Atendimento (UPA).<\/p>\n<p>Entre discursos de agradecimento e relatos do cotidiano de trabalho contra o v\u00edrus e a ignor\u00e2ncia propagada de forma irrespons\u00e1vel e intencional, se sobressai o reconhecimento da assist\u00eancia humanizada realizada em Penedo por profissionais dedicados a salvar vidas.<\/p>\n<p>Nessa luta em favor do outro, somente o pessoal da Unidade de Refer\u00eancia em S\u00edndromes Gripais atendeu 21.557 moradores de Penedo no per\u00edodo de praticamente um ano. O centro de triagem foi instalado pelo ex-Secret\u00e1rio de Sa\u00fade Marcos Beltr\u00e3o, um dos homenageados pela SEMS.<\/p>\n<p>O n\u00famero de atendidos na Unidade de Refer\u00eancia equivale a aproximadamente um ter\u00e7o da popula\u00e7\u00e3o do munic\u00edpio que, em outra frente de atua\u00e7\u00e3o contra o coronav\u00edrus, j\u00e1 imunizou mais de vinte mil pessoas com a primeira dose da vacina contra Covid.<\/p>\n<p><a href=\"https:\/\/oparanews.com.br\/trabalhadores-que-atuam-na-linha-de-frente-de-combate-a-covid-sao-homenageados-em-penedo\/sem-titulo-3610\/\" rel=\"attachment wp-att-16827\"><img loading=\"lazy\" decoding=\"async\" class=\"alignright size-medium wp-image-16827\" src=\"https:\/\/oparanews.com.br\/wp-content\/uploads\/2021\/06\/Sem-t\u00edtulo-198-300x200.jpg\" alt=\"\" width=\"300\" height=\"200\" \/><\/a>Infelizmente, antes que a ci\u00eancia conseguisse produzir o imunizante contra o coronav\u00edrus, tr\u00eas dedicados profissionais da Medicina que trabalhavam em Penedo perderam a luta contra o v\u00edrus.<\/p>\n<p>A m\u00e9dica Iana L\u00facia Moura Silva Omena e os m\u00e9dicos Karl do Rego Lima e Luiz Tadeu de Andrade Coutinho faleceram em decorr\u00eancia da Covid-19, profissionais da sa\u00fade tamb\u00e9m homenageados com o reconhecimento p\u00fablico dos servi\u00e7os prestados \u00e0 popula\u00e7\u00e3o e entrega de placa aos familiares.<\/p>\n<p>\u201cVoc\u00eas s\u00e3o nossos verdadeiros her\u00f3is que trabalham dia e noite para salvar vidas e merecem nossos agradecimentos e parab\u00e9ns\u201d, afirmou o Secret\u00e1rio Municipal de Sa\u00fade, Guilherme Lopes, concluindo seu pronunciamento mencionando que, se Deus quiser, n\u00e3o haver\u00e1 mais necessidade de manter o centro de triagem para Covid funcionando porque toda a popula\u00e7\u00e3o estar\u00e1 vacinada contra o coronav\u00edrus.<\/p>\n<p>&nbsp;<\/p>\n<p><strong>por Fernando Vin\u00edcius<\/strong><\/p>\n<p>&nbsp;<\/p>\n","protected":false},"excerpt":{"rendered":"<p>O empenho do pessoal que atua na linha de frente no combate ao coronav\u00edrus em Penedo torna o munic\u00edpio refer\u00eancia positiva no controle da pandemia em Alagoas. O trabalho desenvolvido por trabalhadores da Secretaria Municipal de Sa\u00fade \u00e9 ineg\u00e1vel, digno da homenagem preparada nesta ter\u00e7a-feira, 22. Do motorista ao m\u00e9dico, todas as categorias diretamente envolvidas &hellip;<\/p>\n","protected":false},"author":1,"featured_media":16828,"comment_status":"closed","ping_status":"closed","sticky":false,"template":"","format":"standard","meta":{"_jetpack_newsletter_access":"","_jetpack_dont_email_post_to_subs":false,"_jetpack_newsletter_tier_id":0,"_jetpack_memberships_contains_paywalled_content":false,"_jetpack_memberships_contains_paid_content":false,"footnotes":""},"categories":[1],"tags":[],"class_list":["post-16825","post","type-post","status-publish","format-standard","has-post-thumbnail","hentry","category-destaque"],"jetpack_sharing_enabled":true,"jetpack_featured_media_url":"","_links":{"self":[{"href":"https:\/\/www.oparanews.com.br\/index.php\/wp-json\/wp\/v2\/posts\/16825","targetHints":{"allow":["GET"]}}],"collection":[{"href":"https:\/\/www.oparanews.com.br\/index.php\/wp-json\/wp\/v2\/posts"}],"about":[{"href":"https:\/\/www.oparanews.com.br\/index.php\/wp-json\/wp\/v2\/types\/post"}],"author":[{"embeddable":true,"href":"https:\/\/www.oparanews.com.br\/index.php\/wp-json\/wp\/v2\/users\/1"}],"replies":[{"embeddable":true,"href":"https:\/\/www.oparanews.com.br\/index.php\/wp-json\/wp\/v2\/comments?post=16825"}],"version-history":[{"count":0,"href":"https:\/\/www.oparanews.com.br\/index.php\/wp-json\/wp\/v2\/posts\/16825\/revisions"}],"wp:attachment":[{"href":"https:\/\/www.oparanews.com.br\/index.php\/wp-json\/wp\/v2\/media?parent=16825"}],"wp:term":[{"taxonomy":"category","embeddable":true,"href":"https:\/\/www.oparanews.com.br\/index.php\/wp-json\/wp\/v2\/categories?post=16825"},{"taxonomy":"post_tag","embeddable":true,"href":"https:\/\/www.oparanews.com.br\/index.php\/wp-json\/wp\/v2\/tags?post=16825"}],"curies":[{"name":"wp","href":"https:\/\/api.w.org\/{rel}","templated":true}]}}