{"id":16837,"date":"2021-06-23T10:21:36","date_gmt":"2021-06-23T10:21:36","guid":{"rendered":"https:\/\/oparanews.com.br\/?p=16837"},"modified":"2021-06-23T10:21:36","modified_gmt":"2021-06-23T10:21:36","slug":"brasil-tera-racionamento-educativo-contra-apagao-diz-lira","status":"publish","type":"post","link":"https:\/\/www.oparanews.com.br\/index.php\/2021\/06\/23\/brasil-tera-racionamento-educativo-contra-apagao-diz-lira\/","title":{"rendered":"Brasil ter\u00e1 &#8220;racionamento educativo&#8221; contra apag\u00e3o, diz Lira"},"content":{"rendered":"<p>O presidente da C\u00e2mara dos Deputados, Arthur Lira (PP-AL), afirmou nesta ter\u00e7a-feira, 22, que o Pa\u00eds deve passar por um racionamento de energia &#8220;educativo&#8221; diante da crise h\u00eddrica que enfrenta.<\/p>\n<p>Segundo o deputado, que relatou conversa com o ministro de Minas e Energia, Bento Albuquerque, na semana passada, o racionamento evitaria um agravamento futuro do problema.<\/p>\n<p>&#8220;O ministro Bento esteve comigo, fazendo uma an\u00e1lise do cen\u00e1rio, garantindo que n\u00f3s n\u00e3o vamos ter nenhum tipo de problema de apag\u00e3o. Mas vamos ter que ter um per\u00edodo educativo a\u00ed de algum racionamento para n\u00e3o ter nenhum tipo de crise maior&#8221;, disse o presidente da C\u00e2mara ap\u00f3s cerim\u00f4nia no Pal\u00e1cio do Planalto.<\/p>\n<p>Lira relatou que na conversa com o ministro n\u00e3o foi apresentado texto de proposta sobre a situa\u00e7\u00e3o, mas falou-se da negocia\u00e7\u00e3o do assunto que envolve at\u00e9 mesmo o Supremo Tribunal Federal (STF). O governo estuda a edi\u00e7\u00e3o de medida provis\u00f3ria para lidar com a crise h\u00eddrica.<\/p>\n<p>&#8220;Ele esteve l\u00e1 na resid\u00eancia oficial na semana passada, mas muito \u00b4en passant\u00b4, nada espec\u00edfico sobre o tema, nada com o texto ainda, mas com a perspectiva de que estavam tratando de alguma medida para isso, negociando, inclusive dentro do Supremo para ter seguran\u00e7a jur\u00eddica sobre qualquer medida que pudesse vir a anunciar&#8221;, completou.<\/p>\n<p>O ministro de Minas e Energia vem afirmando que o governo brasileiro n\u00e3o trabalha com a hip\u00f3tese de racionamento de energia em meio \u00e0 crise h\u00eddrica. Tamb\u00e9m vem alertando que, por conta de um maior despacho de eletricidade termel\u00e9trica, o consumidor pagar\u00e1 mais.<\/p>\n<p>Sobre o processo de san\u00e7\u00e3o da MP da privatiza\u00e7\u00e3o da Eletrobras, que teve sua tramita\u00e7\u00e3o conclu\u00edda pelo Congresso na segunda-feira, Lira disse n\u00e3o ver motivo para eventuais vetos.<\/p>\n<p>&#8220;O texto da C\u00e2mara foi um texto consensuado com o governo. O texto do Senado, no que o governo n\u00e3o concordou, o relator retirou e a C\u00e2mara manteve. Ent\u00e3o n\u00e3o vejo raz\u00e3o para veto&#8221;, disse o presidente da C\u00e2mara. &#8220;A expectativa \u00e9 passar absolutamente sem nenhum veto.&#8221;<\/p>\n<p>&nbsp;<\/p>\n<p><strong>por Maria Carolina Marcello &#8211; Terra<\/strong><\/p>\n<p>&nbsp;<\/p>\n","protected":false},"excerpt":{"rendered":"<p>O presidente da C\u00e2mara dos Deputados, Arthur Lira (PP-AL), afirmou nesta ter\u00e7a-feira, 22, que o Pa\u00eds deve passar por um racionamento de energia &#8220;educativo&#8221; diante da crise h\u00eddrica que enfrenta. Segundo o deputado, que relatou conversa com o ministro de Minas e Energia, Bento Albuquerque, na semana passada, o racionamento evitaria um agravamento futuro do &hellip;<\/p>\n","protected":false},"author":1,"featured_media":16838,"comment_status":"closed","ping_status":"closed","sticky":false,"template":"","format":"standard","meta":{"_jetpack_newsletter_access":"","_jetpack_dont_email_post_to_subs":false,"_jetpack_newsletter_tier_id":0,"_jetpack_memberships_contains_paywalled_content":false,"_jetpack_memberships_contains_paid_content":false,"footnotes":""},"categories":[1],"tags":[],"class_list":["post-16837","post","type-post","status-publish","format-standard","has-post-thumbnail","hentry","category-destaque"],"jetpack_sharing_enabled":true,"jetpack_featured_media_url":"","_links":{"self":[{"href":"https:\/\/www.oparanews.com.br\/index.php\/wp-json\/wp\/v2\/posts\/16837","targetHints":{"allow":["GET"]}}],"collection":[{"href":"https:\/\/www.oparanews.com.br\/index.php\/wp-json\/wp\/v2\/posts"}],"about":[{"href":"https:\/\/www.oparanews.com.br\/index.php\/wp-json\/wp\/v2\/types\/post"}],"author":[{"embeddable":true,"href":"https:\/\/www.oparanews.com.br\/index.php\/wp-json\/wp\/v2\/users\/1"}],"replies":[{"embeddable":true,"href":"https:\/\/www.oparanews.com.br\/index.php\/wp-json\/wp\/v2\/comments?post=16837"}],"version-history":[{"count":0,"href":"https:\/\/www.oparanews.com.br\/index.php\/wp-json\/wp\/v2\/posts\/16837\/revisions"}],"wp:attachment":[{"href":"https:\/\/www.oparanews.com.br\/index.php\/wp-json\/wp\/v2\/media?parent=16837"}],"wp:term":[{"taxonomy":"category","embeddable":true,"href":"https:\/\/www.oparanews.com.br\/index.php\/wp-json\/wp\/v2\/categories?post=16837"},{"taxonomy":"post_tag","embeddable":true,"href":"https:\/\/www.oparanews.com.br\/index.php\/wp-json\/wp\/v2\/tags?post=16837"}],"curies":[{"name":"wp","href":"https:\/\/api.w.org\/{rel}","templated":true}]}}