{"id":16846,"date":"2021-06-24T00:54:46","date_gmt":"2021-06-24T00:54:46","guid":{"rendered":"https:\/\/oparanews.com.br\/?p=16846"},"modified":"2021-06-24T00:54:46","modified_gmt":"2021-06-24T00:54:46","slug":"alagoas-confirma-mais-457-casos-e-21-mortes-por-covid","status":"publish","type":"post","link":"https:\/\/www.oparanews.com.br\/index.php\/2021\/06\/24\/alagoas-confirma-mais-457-casos-e-21-mortes-por-covid\/","title":{"rendered":"Alagoas confirma mais 457 casos e 21 mortes por Covid"},"content":{"rendered":"<p>Alagoas confirmou mais 457 casos e 21 mortes por Covid, segundo o boletim epidemiol\u00f3gico da Secretaria de Estado da Sa\u00fade (Sesau) desta quarta-feira (23).<\/p>\n<p>O n\u00famero de casos confirmados no estado desde o come\u00e7o da pandemia chegou a 211.613. O total de \u00f3bitos subiu para 5.197.<\/p>\n<p>Dos casos confirmados, 201.514 pacientes est\u00e3o recuperados e outros 4.166 ainda est\u00e3o em tratamento com indica\u00e7\u00e3o para isolamento domiciliar.<\/p>\n<p>H\u00e1 12.806 casos suspeitos, \u00e0 espera de libera\u00e7\u00e3o de resultado positivo ou negativo para infec\u00e7\u00e3o pelo coronav\u00edrus.<\/p>\n<p><strong>Mais 21 mortes por Covid<\/strong><\/p>\n<p>Macei\u00f3: Homem, 40 anos \u2013 ex-tabagista e tinha pneumopatia<br \/>\nMacei\u00f3: Homem, 47 anos \u2013 hipertenso<br \/>\nMacei\u00f3: Homem, 56 anos \u2013 esclerose hep\u00e1tica<br \/>\nMacei\u00f3: Homem, 57 anos \u2013 ex-tabagista, tinha doen\u00e7a respirat\u00f3ria cr\u00f4nica e doen\u00e7a pulmonar obstrutiva<br \/>\nMacei\u00f3: Mulher, 50 anos \u2013 obesa e asm\u00e1tica<br \/>\nArapiraca: Homem, 29 anos \u2013 doen\u00e7a neurol\u00f3gica cr\u00f4nica<br \/>\nArapiraca: Homem, 35 anos \u2013 obeso<br \/>\nArapiraca: Homem, 54 anos \u2013 hipertenso e diab\u00e9tico<br \/>\nArapiraca: Mulher, 78 anos \u2013 sem comorbidades<br \/>\nDelmiro Gouveia: Homem, 37 anos \u2013 asm\u00e1tico, diab\u00e9tico e tinha hipertens\u00e3o<br \/>\nDelmiro Gouveia: Homem, 42 anos \u2013 tinha hipertens\u00e3o<br \/>\nPalmeira dos \u00cdndios: Homem, 66 anos \u2013 diab\u00e9tico<br \/>\nPalmeira dos \u00cdndios: Mulher, 83 anos \u2013 com Alzheimer<br \/>\nIgreja Nova: Homem, 45 anos \u2013 sem comorbidades<br \/>\nMatriz de Camaragibe: Homem, 50 anos \u2013 sem comorbidade<br \/>\nOliven\u00e7a: Homem, 60 anos \u2013 sem comorbidades<br \/>\nTraipu: Homem, 82 anos \u2013 c\u00e2ncer de pr\u00f3stata<br \/>\nTanque d\u2019\u00c1rca: Homem, 85 anos, doen\u00e7a pulmonar<br \/>\nCoruripe: Mulher, 51 anos \u2013 sem comorbidades<br \/>\nS\u00e3o Jos\u00e9 da Laje: Mulher, 55 anos \u2013 sem comorbidades<br \/>\nSenador Rui Palmeira: Mulher, 76 anos \u2013 hipertensa<\/p>\n<p>&nbsp;<\/p>\n<p><strong>Fonte: G1\/AL<\/strong><\/p>\n<p>&nbsp;<\/p>\n","protected":false},"excerpt":{"rendered":"<p>Alagoas confirmou mais 457 casos e 21 mortes por Covid, segundo o boletim epidemiol\u00f3gico da Secretaria de Estado da Sa\u00fade (Sesau) desta quarta-feira (23). O n\u00famero de casos confirmados no estado desde o come\u00e7o da pandemia chegou a 211.613. O total de \u00f3bitos subiu para 5.197. Dos casos confirmados, 201.514 pacientes est\u00e3o recuperados e outros &hellip;<\/p>\n","protected":false},"author":1,"featured_media":13616,"comment_status":"closed","ping_status":"closed","sticky":false,"template":"","format":"standard","meta":{"_jetpack_newsletter_access":"","_jetpack_dont_email_post_to_subs":false,"_jetpack_newsletter_tier_id":0,"_jetpack_memberships_contains_paywalled_content":false,"_jetpack_memberships_contains_paid_content":false,"footnotes":""},"categories":[1],"tags":[],"class_list":["post-16846","post","type-post","status-publish","format-standard","has-post-thumbnail","hentry","category-destaque"],"jetpack_sharing_enabled":true,"jetpack_featured_media_url":"","_links":{"self":[{"href":"https:\/\/www.oparanews.com.br\/index.php\/wp-json\/wp\/v2\/posts\/16846","targetHints":{"allow":["GET"]}}],"collection":[{"href":"https:\/\/www.oparanews.com.br\/index.php\/wp-json\/wp\/v2\/posts"}],"about":[{"href":"https:\/\/www.oparanews.com.br\/index.php\/wp-json\/wp\/v2\/types\/post"}],"author":[{"embeddable":true,"href":"https:\/\/www.oparanews.com.br\/index.php\/wp-json\/wp\/v2\/users\/1"}],"replies":[{"embeddable":true,"href":"https:\/\/www.oparanews.com.br\/index.php\/wp-json\/wp\/v2\/comments?post=16846"}],"version-history":[{"count":0,"href":"https:\/\/www.oparanews.com.br\/index.php\/wp-json\/wp\/v2\/posts\/16846\/revisions"}],"wp:attachment":[{"href":"https:\/\/www.oparanews.com.br\/index.php\/wp-json\/wp\/v2\/media?parent=16846"}],"wp:term":[{"taxonomy":"category","embeddable":true,"href":"https:\/\/www.oparanews.com.br\/index.php\/wp-json\/wp\/v2\/categories?post=16846"},{"taxonomy":"post_tag","embeddable":true,"href":"https:\/\/www.oparanews.com.br\/index.php\/wp-json\/wp\/v2\/tags?post=16846"}],"curies":[{"name":"wp","href":"https:\/\/api.w.org\/{rel}","templated":true}]}}