{"id":16857,"date":"2021-06-24T02:06:25","date_gmt":"2021-06-24T02:06:25","guid":{"rendered":"https:\/\/oparanews.com.br\/?p=16857"},"modified":"2021-06-24T02:06:25","modified_gmt":"2021-06-24T02:06:25","slug":"ponto-de-encontro-guilherme-lopes-foi-o-primeiro-entrevistado-do-programa","status":"publish","type":"post","link":"https:\/\/www.oparanews.com.br\/index.php\/2021\/06\/24\/ponto-de-encontro-guilherme-lopes-foi-o-primeiro-entrevistado-do-programa\/","title":{"rendered":"Ponto de Encontro: Guilherme Lopes foi o primeiro entrevistado do Programa"},"content":{"rendered":"<p>Nesta quarta-feira, 23, o portal de not\u00edcias OparaNews deu o ponta p\u00e9 inicial em mais uma inova\u00e7\u00e3o na comunica\u00e7\u00e3o penedense com a estreia do Programa &#8220;Ponto de Encontro&#8221;. A entrevista aconteceu atrav\u00e9s de uma Live na p\u00e1gina do OparaNews no Facebook.<\/p>\n<p>O objetivo do programa \u00e9 proporcionar aos internautas mais um canal de informa\u00e7\u00f5es de tudo que acontece em Penedo, seja no \u00e2mbito social, cultural e econ\u00f4mico.<\/p>\n<p>Logo na estreia, o primeiro entrevistado foi o secret\u00e1rio de sa\u00fade de Penedo, Guilherme Lopes. O secret\u00e1rio aproveitou a oportunidade para destacar seu trabalho \u00e0 frente da pasta (sa\u00fade) nesses seis meses de gest\u00e3o do prefeito Ronaldo Lopes. O foco da entrevista sem d\u00favida foi a Pandemia em Penedo, que ali\u00e1s o trabalho desenvolvido pelo secret\u00e1rio de sa\u00fade e sua equipe vem ganhando notoriedade em todo o estado de Alagoas.<\/p>\n<p>Confira o programa na \u00edntegra atrav\u00e9s do link abaixo:<\/p>\n<p><a href=\"https:\/\/fb.watch\/6jDtXxKqPE\/\" target=\"_blank\" rel=\"noopener noreferrer\"><strong>https:\/\/fb.watch\/6jDtXxKqPE\/<\/strong><\/a><\/p>\n<p>&nbsp;<\/p>\n<p><strong>por Reda\u00e7\u00e3o<\/strong><\/p>\n<figure id=\"attachment_16859\" aria-describedby=\"caption-attachment-16859\" style=\"width: 225px\" class=\"wp-caption alignleft\"><a href=\"https:\/\/oparanews.com.br\/wp-content\/uploads\/2021\/06\/IMG_20210623_103242-scaled.jpg\" rel=\"attachment wp-att-16859\"><img loading=\"lazy\" decoding=\"async\" class=\"wp-image-16859 size-medium\" src=\"https:\/\/oparanews.com.br\/wp-content\/uploads\/2021\/06\/IMG_20210623_103242-225x300.jpg\" alt=\"\" width=\"225\" height=\"300\" \/><\/a><figcaption id=\"caption-attachment-16859\" class=\"wp-caption-text\">Foto: Walberth Lima<\/figcaption><\/figure>\n<p>&nbsp;<\/p>\n<p>&nbsp;<\/p>\n<p>&nbsp;<\/p>\n<p>&nbsp;<\/p>\n<p>&nbsp;<\/p>\n<p>&nbsp;<\/p>\n<p>&nbsp;<\/p>\n<p>&nbsp;<\/p>\n<p>&nbsp;<\/p>\n","protected":false},"excerpt":{"rendered":"<p>Nesta quarta-feira, 23, o portal de not\u00edcias OparaNews deu o ponta p\u00e9 inicial em mais uma inova\u00e7\u00e3o na comunica\u00e7\u00e3o penedense com a estreia do Programa &#8220;Ponto de Encontro&#8221;. A entrevista aconteceu atrav\u00e9s de uma Live na p\u00e1gina do OparaNews no Facebook. O objetivo do programa \u00e9 proporcionar aos internautas mais um canal de informa\u00e7\u00f5es de &hellip;<\/p>\n","protected":false},"author":1,"featured_media":16858,"comment_status":"closed","ping_status":"closed","sticky":false,"template":"","format":"standard","meta":{"_jetpack_newsletter_access":"","_jetpack_dont_email_post_to_subs":false,"_jetpack_newsletter_tier_id":0,"_jetpack_memberships_contains_paywalled_content":false,"_jetpack_memberships_contains_paid_content":false,"footnotes":""},"categories":[1],"tags":[],"class_list":["post-16857","post","type-post","status-publish","format-standard","has-post-thumbnail","hentry","category-destaque"],"jetpack_sharing_enabled":true,"jetpack_featured_media_url":"","_links":{"self":[{"href":"https:\/\/www.oparanews.com.br\/index.php\/wp-json\/wp\/v2\/posts\/16857","targetHints":{"allow":["GET"]}}],"collection":[{"href":"https:\/\/www.oparanews.com.br\/index.php\/wp-json\/wp\/v2\/posts"}],"about":[{"href":"https:\/\/www.oparanews.com.br\/index.php\/wp-json\/wp\/v2\/types\/post"}],"author":[{"embeddable":true,"href":"https:\/\/www.oparanews.com.br\/index.php\/wp-json\/wp\/v2\/users\/1"}],"replies":[{"embeddable":true,"href":"https:\/\/www.oparanews.com.br\/index.php\/wp-json\/wp\/v2\/comments?post=16857"}],"version-history":[{"count":0,"href":"https:\/\/www.oparanews.com.br\/index.php\/wp-json\/wp\/v2\/posts\/16857\/revisions"}],"wp:attachment":[{"href":"https:\/\/www.oparanews.com.br\/index.php\/wp-json\/wp\/v2\/media?parent=16857"}],"wp:term":[{"taxonomy":"category","embeddable":true,"href":"https:\/\/www.oparanews.com.br\/index.php\/wp-json\/wp\/v2\/categories?post=16857"},{"taxonomy":"post_tag","embeddable":true,"href":"https:\/\/www.oparanews.com.br\/index.php\/wp-json\/wp\/v2\/tags?post=16857"}],"curies":[{"name":"wp","href":"https:\/\/api.w.org\/{rel}","templated":true}]}}