{"id":16863,"date":"2021-06-24T02:10:49","date_gmt":"2021-06-24T02:10:49","guid":{"rendered":"https:\/\/oparanews.com.br\/?p=16863"},"modified":"2021-06-24T02:10:49","modified_gmt":"2021-06-24T02:10:49","slug":"aos-52-anos-luciano-szafir-e-internado-com-covid-19","status":"publish","type":"post","link":"https:\/\/www.oparanews.com.br\/index.php\/2021\/06\/24\/aos-52-anos-luciano-szafir-e-internado-com-covid-19\/","title":{"rendered":"Aos 52 anos, Luciano Szafir \u00e9 internado com covid-19"},"content":{"rendered":"<p>O ator Luciano Szafir, pai de Sasha Meneghel, foi internado em um hospital no Rio de Janeiro por causa de uma reinfec\u00e7\u00e3o por covid-19.<\/p>\n<p>Segundo a assessoria do ator, ele est\u00e1 bem &#8220;dentro do poss\u00edvel&#8221; e sua satura\u00e7\u00e3o &#8220;est\u00e1 \u00f3tima&#8221;. Ele est\u00e1 internado no Hospital Vit\u00f3ria Samaritano, na Barra da Tijuca, e se encontra isolado em um quarto.<\/p>\n<p>Em fevereiro deste ano, o ator testou positivo pela primeira vez para covid. &#8220;O diagn\u00f3stico do meu exame para a covid deu positivo, apesar de ter me cuidado o m\u00e1ximo que pude. Apesar das dores de cabe\u00e7a e corpo, estou bem. Obrigado pelo apoio&#8221;, afirmou ele \u00e0 Ana Maria Digital, na ocasi\u00e3o.<\/p>\n<p>Na noite da \u00faltima ter\u00e7a-feira, 22, estreou o reality show &#8216;Os Szafirs&#8217;, no canal E!. O programa acompanha a vida e o dia a dia da fam\u00edlia de Beth Szafir, 67, de Luciano, 52, e da esposa do ator, Luhanna, 37.<\/p>\n<p>Veja a nota oficial da assessoria:<\/p>\n<p>A assessoria e o escrit\u00f3rio de agenciamento do ator e apresentador Luciano Szafir anuncia a infec\u00e7\u00e3o do ator pela segunda vez, pela Covid 19. Dentro do poss\u00edvel ele est\u00e1 bem, est\u00e1 em um quarto isolado e a satura\u00e7\u00e3o est\u00e1 \u00f3tima. Vamos torcer que d\u00ea tudo certo! Ele est\u00e1 internado no Hospital Vit\u00f3ria Samaritano na Barra da Tijuca.<\/p>\n<p>&nbsp;<\/p>\n<p><strong>por Jo\u00e3o Paulo dos Santos\/Terra<\/strong><\/p>\n<p>&nbsp;<\/p>\n","protected":false},"excerpt":{"rendered":"<p>O ator Luciano Szafir, pai de Sasha Meneghel, foi internado em um hospital no Rio de Janeiro por causa de uma reinfec\u00e7\u00e3o por covid-19. Segundo a assessoria do ator, ele est\u00e1 bem &#8220;dentro do poss\u00edvel&#8221; e sua satura\u00e7\u00e3o &#8220;est\u00e1 \u00f3tima&#8221;. Ele est\u00e1 internado no Hospital Vit\u00f3ria Samaritano, na Barra da Tijuca, e se encontra isolado &hellip;<\/p>\n","protected":false},"author":1,"featured_media":16864,"comment_status":"closed","ping_status":"closed","sticky":false,"template":"","format":"standard","meta":{"_jetpack_newsletter_access":"","_jetpack_dont_email_post_to_subs":false,"_jetpack_newsletter_tier_id":0,"_jetpack_memberships_contains_paywalled_content":false,"_jetpack_memberships_contains_paid_content":false,"footnotes":""},"categories":[1],"tags":[],"class_list":["post-16863","post","type-post","status-publish","format-standard","has-post-thumbnail","hentry","category-destaque"],"jetpack_sharing_enabled":true,"jetpack_featured_media_url":"","_links":{"self":[{"href":"https:\/\/www.oparanews.com.br\/index.php\/wp-json\/wp\/v2\/posts\/16863","targetHints":{"allow":["GET"]}}],"collection":[{"href":"https:\/\/www.oparanews.com.br\/index.php\/wp-json\/wp\/v2\/posts"}],"about":[{"href":"https:\/\/www.oparanews.com.br\/index.php\/wp-json\/wp\/v2\/types\/post"}],"author":[{"embeddable":true,"href":"https:\/\/www.oparanews.com.br\/index.php\/wp-json\/wp\/v2\/users\/1"}],"replies":[{"embeddable":true,"href":"https:\/\/www.oparanews.com.br\/index.php\/wp-json\/wp\/v2\/comments?post=16863"}],"version-history":[{"count":0,"href":"https:\/\/www.oparanews.com.br\/index.php\/wp-json\/wp\/v2\/posts\/16863\/revisions"}],"wp:attachment":[{"href":"https:\/\/www.oparanews.com.br\/index.php\/wp-json\/wp\/v2\/media?parent=16863"}],"wp:term":[{"taxonomy":"category","embeddable":true,"href":"https:\/\/www.oparanews.com.br\/index.php\/wp-json\/wp\/v2\/categories?post=16863"},{"taxonomy":"post_tag","embeddable":true,"href":"https:\/\/www.oparanews.com.br\/index.php\/wp-json\/wp\/v2\/tags?post=16863"}],"curies":[{"name":"wp","href":"https:\/\/api.w.org\/{rel}","templated":true}]}}