{"id":16866,"date":"2021-06-24T02:12:30","date_gmt":"2021-06-24T02:12:30","guid":{"rendered":"https:\/\/oparanews.com.br\/?p=16866"},"modified":"2021-06-24T02:12:30","modified_gmt":"2021-06-24T02:12:30","slug":"christiane-pelajo-abandona-estudio-e-reclama-da-globonews","status":"publish","type":"post","link":"https:\/\/www.oparanews.com.br\/index.php\/2021\/06\/24\/christiane-pelajo-abandona-estudio-e-reclama-da-globonews\/","title":{"rendered":"Christiane Pelajo abandona est\u00fadio e reclama da GloboNews"},"content":{"rendered":"<p>O nome de Christiane Pelajo, respons\u00e1vel por comandar a apresenta\u00e7\u00e3o do &#8220;Edi\u00e7\u00e3o das 16h&#8221;, da GloboNews, se tornou um dos assuntos mais comentados do Twitter Brasil nesta quarta-feira (23).<\/p>\n<p>Imagens da jornalista reclamando do \u00e1udio no est\u00fadio do telejornal vieram \u00e0 tona e geraram uma grande repercuss\u00e3o nas redes sociais. O epis\u00f3dio ocorreu no dia 6 de abril de 2020 e mostra a experiente jornalista irritada com a equipe devido a um problema t\u00e9cnico &#8212; o que causou seu abandono do est\u00fadio.<\/p>\n<p>No v\u00eddeo, \u00e9 poss\u00edvel ver Christiane Pelajo estressada com os colegas, em decorr\u00eancia da falta de retorno do som durante o programa. &#8220;Ai, gente do c\u00e9u, \u00e9 s\u00f3 aumentar o \u00e1udio! D\u00e1 pra fazer isso? Eu estou em voo cego. Eu vou sair do est\u00fadio. S\u00f3 volto para o est\u00fadio se tiver \u00e1udio. N\u00e3o tem a menor condi\u00e7\u00e3o de trabalhar assim. N\u00e3o tem \u00e1udio nenhum, estou em voo cego total. Ningu\u00e9m fala nada comigo no ponto, n\u00e3o tem \u00e1udio nenhum. N\u00e3o tem condi\u00e7\u00e3o, gente. Pelo amor de Deus, cara!&#8221;, esbravejou em tom elevado.<\/p>\n<p>https:\/\/twitter.com\/i\/status\/1407703872328634375<\/p>\n<p>&#8220;Est\u00e1 cada vez mais imposs\u00edvel trabalhar nesse lugar, sem brincadeira! Achei que ontem fosse o \u00e1pice, mas n\u00e3o. Vou continuar sem \u00e1udio, \u00e9 isso mesmo? Algu\u00e9m pode me dizer? Vou sair daqui. Eu s\u00f3 volto quando tiver \u00e1udio, t\u00e1? Pode botar calhau, o que for, n\u00e3o vou ficar aqui pagando mico, chega&#8221;, desabafou. &#8220;N\u00e3o tem retorno de \u00e1udio. Algu\u00e9m est\u00e1 tentando consertar isso?&#8221;, pergunta pela \u00faltima vez, sem sucesso.<\/p>\n<p>Naquele dia, a jornalista Leila Sterenberg assumiu a apresenta\u00e7\u00e3o at\u00e9 \u00e0s 17h, quando a colega retornou ao est\u00fadio.<\/p>\n<p>Em nota enviada \u00e0 imprensa, a Globo afirmou que o epis\u00f3dio foi superado. Leia abaixo:<\/p>\n<p><em>&#8220;Falhas t\u00e9cnicas na Globo s\u00e3o raras, mas acontecem. Algumas mais graves, rar\u00edssimas. Estas exp\u00f5em e constrangem os talentos de v\u00eddeo, sobretudo os que est\u00e3o ao vivo. Foi o que aconteceu ent\u00e3o. Apesar do constrangimento, Christiane Pelajo se desculpou \u00e0 \u00e9poca com os colegas pelo excesso de sua rea\u00e7\u00e3o. E o epis\u00f3dio foi superado.&#8221;<\/em><\/p>\n<p><strong>Repercuss\u00e3o<\/strong><\/p>\n<p>No Twitter, os internautas comentaram a situa\u00e7\u00e3o. Em um post, o deputado Eduardo Bolsonaro escreveu: &#8220;Cada dia h\u00e1 mais provas de que o clima est\u00e1 horr\u00edvel na Globo Lixo. O desespero \u00e9 grande, a blogueira Christiane Pelajo confessa: &#8216;n\u00e3o tem condi\u00e7\u00e3o, est\u00e1 cada vez mais imposs\u00edvel trabalhar nesse lugar'&#8221;.<\/p>\n<p>&nbsp;<\/p>\n<p><strong>por Caroline Ferreira\/Terra<\/strong><\/p>\n<p>&nbsp;<\/p>\n","protected":false},"excerpt":{"rendered":"<p>O nome de Christiane Pelajo, respons\u00e1vel por comandar a apresenta\u00e7\u00e3o do &#8220;Edi\u00e7\u00e3o das 16h&#8221;, da GloboNews, se tornou um dos assuntos mais comentados do Twitter Brasil nesta quarta-feira (23). Imagens da jornalista reclamando do \u00e1udio no est\u00fadio do telejornal vieram \u00e0 tona e geraram uma grande repercuss\u00e3o nas redes sociais. O epis\u00f3dio ocorreu no dia &hellip;<\/p>\n","protected":false},"author":1,"featured_media":16867,"comment_status":"closed","ping_status":"closed","sticky":false,"template":"","format":"standard","meta":{"_jetpack_newsletter_access":"","_jetpack_dont_email_post_to_subs":false,"_jetpack_newsletter_tier_id":0,"_jetpack_memberships_contains_paywalled_content":false,"_jetpack_memberships_contains_paid_content":false,"footnotes":""},"categories":[1],"tags":[],"class_list":["post-16866","post","type-post","status-publish","format-standard","has-post-thumbnail","hentry","category-destaque"],"jetpack_sharing_enabled":true,"jetpack_featured_media_url":"","_links":{"self":[{"href":"https:\/\/www.oparanews.com.br\/index.php\/wp-json\/wp\/v2\/posts\/16866","targetHints":{"allow":["GET"]}}],"collection":[{"href":"https:\/\/www.oparanews.com.br\/index.php\/wp-json\/wp\/v2\/posts"}],"about":[{"href":"https:\/\/www.oparanews.com.br\/index.php\/wp-json\/wp\/v2\/types\/post"}],"author":[{"embeddable":true,"href":"https:\/\/www.oparanews.com.br\/index.php\/wp-json\/wp\/v2\/users\/1"}],"replies":[{"embeddable":true,"href":"https:\/\/www.oparanews.com.br\/index.php\/wp-json\/wp\/v2\/comments?post=16866"}],"version-history":[{"count":0,"href":"https:\/\/www.oparanews.com.br\/index.php\/wp-json\/wp\/v2\/posts\/16866\/revisions"}],"wp:attachment":[{"href":"https:\/\/www.oparanews.com.br\/index.php\/wp-json\/wp\/v2\/media?parent=16866"}],"wp:term":[{"taxonomy":"category","embeddable":true,"href":"https:\/\/www.oparanews.com.br\/index.php\/wp-json\/wp\/v2\/categories?post=16866"},{"taxonomy":"post_tag","embeddable":true,"href":"https:\/\/www.oparanews.com.br\/index.php\/wp-json\/wp\/v2\/tags?post=16866"}],"curies":[{"name":"wp","href":"https:\/\/api.w.org\/{rel}","templated":true}]}}