{"id":16869,"date":"2021-06-24T02:13:54","date_gmt":"2021-06-24T02:13:54","guid":{"rendered":"https:\/\/oparanews.com.br\/?p=16869"},"modified":"2021-06-24T02:13:54","modified_gmt":"2021-06-24T02:13:54","slug":"ricardo-salles-pede-demissao-do-ministerio-do-meio-ambiente","status":"publish","type":"post","link":"https:\/\/www.oparanews.com.br\/index.php\/2021\/06\/24\/ricardo-salles-pede-demissao-do-ministerio-do-meio-ambiente\/","title":{"rendered":"Ricardo Salles pede demiss\u00e3o do Minist\u00e9rio do Meio Ambiente"},"content":{"rendered":"<p>O presidente Jair Bolsonaro exonerou o ministro do Meio Ambiente, Ricardo Salles, nesta quarta-feira, 23. A exonera\u00e7\u00e3o foi publicada no Di\u00e1rio Oficial da Uni\u00e3o e informa que a exonera\u00e7\u00e3o foi a pedido de Salles.<\/p>\n<p>Pressionado, Salles alegou motivos familiares para deixar o cargo. Ele \u00e9 alvo de inqu\u00e9rito, autorizado pelo Supremo Tribunal Federal (STF) a pedido da Procuradoria Geral da Rep\u00fablica (PGR), por supostamente ter atrapalhado investiga\u00e7\u00f5es sobre apreens\u00e3o de madeira. Ele nega ter cometido irregularidades.<\/p>\n<p>&#8220;Para que isso (investiga\u00e7\u00e3o) seja feita de forma mais serena poss\u00edvel, apresentei minha exonera\u00e7\u00e3o&#8221;, disse Salles ao justificar o pedido em coletiva no Pal\u00e1cio do Planalto.<\/p>\n<p><strong>Novo ministro<\/strong><\/p>\n<p>No mesmo decreto, Bolsonaro nomeou Joaquim Alvaro Pereira Leite como novo ministro do Meio Ambiente.<\/p>\n<p>Leite \u00e9 ex-conselheiro de uma entidade ruralista, a Sociedade Rural Brasileira (SRB) por 23 anos. Segundo o jornal O Globo, ele tamb\u00e9m j\u00e1 ocupou outros cargos diretivos. No site da SRB \u00e9 poss\u00edvel ver que o grupo apoia a Frente Parlamentar da Agropecu\u00e1ria (FPA), conhecida como bancada ruralista. Al\u00e9m disso, a entidade j\u00e1 se posicionou publicamente em apoio a Salles.<\/p>\n<p>Atualmente, Leite atuava como secret\u00e1rio de Florestas e Desenvolvimento Sustent\u00e1vel no pr\u00f3prio Minist\u00e9rio do Meio Ambiente.<\/p>\n<p><strong>Pol\u00eamicas da gest\u00e3o Salles<\/strong><\/p>\n<p>A gest\u00e3o de Salles a frente do Minist\u00e9rio do Meio Ambiente foi marcada por diversas pol\u00eamicas, incluindo a que envolve a reuni\u00e3o ministerial de 22 de abril de 2020. Na ocasi\u00e3o, ele sugeriu a Bolsonaro que o governo aproveitasse a pandemia do novo coronav\u00edrus para &#8220;ir passando a boiada&#8221;, ou seja, modificar as regras ambientais.<\/p>\n<p>A demiss\u00e3o de Salles acontece em meio \u00e0s investiga\u00e7\u00f5es sobre a suposta participa\u00e7\u00e3o do ex-ministro em esquemas para a exporta\u00e7\u00e3o de madeira ilegal, bem como press\u00e3o de organismos internacionais para que o Pa\u00eds reveja a pol\u00edtica de combate ao desmatamento. Seu per\u00edodo como ministro foi marcado pelo desmonte de \u00f3rg\u00e3o de fiscaliza\u00e7\u00e3o ambiental e sucessivos recordes no avan\u00e7o do desmatamento.<\/p>\n<p>Na \u00faltima semana, negocia\u00e7\u00f5es bilaterais sobre quest\u00f5es ambientais entre Brasil e Estados Unidos foram suspensas, o que acendeu o &#8220;sinal amarelo&#8221; entre autoridades e parlamentares para os riscos de san\u00e7\u00f5es econ\u00f4micas. Para a presidente da Comiss\u00e3o de Rela\u00e7\u00f5es Exteriores do Senado, K\u00e1tia Abreu (PP-TO), o congelamento das conversas tem rela\u00e7\u00e3o com as investiga\u00e7\u00f5es contra o ex-ministro e com a paralisia no combate ao desmatamento.<\/p>\n<p>Durante cerim\u00f4nia de lan\u00e7amento Plano Safra 2021\/2022 na ter\u00e7a-feira, 22, o presidente Jair Bolsonaro fez diversos elogios \u00e0 conduta do seu ex-ajudante. Segundo o presidente, o casamento da Agricultura com o Meio Ambiente foi &#8220;quase perfeito&#8221;. &#8220;Parab\u00e9ns Ricardo Salles. N\u00e3o \u00e9 f\u00e1cil ocupar o seu minist\u00e9rio. Por vezes, a heran\u00e7a fica apenas uma penca de processos. A gente lamenta como por vezes somos tratados por alguns poucos deste outro Poder Judici\u00e1rio&#8221;, completou na ocasi\u00e3o.<\/p>\n<p><strong>CPI da Covid<\/strong><\/p>\n<p>A demiss\u00e3o do ministro acontece tamb\u00e9m no dia em que a Comiss\u00e3o Parlamentar de Inqu\u00e9rito (CPI) da Covid no Senado apertou o cerco ao Executivo e ao valor pago na compra de vacinas da Covaxin. Segundo mostrou o Estad\u00e3o\/Broadcast, o governo federal pagou dez vezes mais pelos imunizantes que o valor que havia sido anunciado seis meses antes.<\/p>\n<p>&nbsp;<\/p>\n<p><strong>Fonte: Terra com informa\u00e7\u00f5es da Ansa<\/strong><\/p>\n<p>&nbsp;<\/p>\n","protected":false},"excerpt":{"rendered":"<p>O presidente Jair Bolsonaro exonerou o ministro do Meio Ambiente, Ricardo Salles, nesta quarta-feira, 23. A exonera\u00e7\u00e3o foi publicada no Di\u00e1rio Oficial da Uni\u00e3o e informa que a exonera\u00e7\u00e3o foi a pedido de Salles. Pressionado, Salles alegou motivos familiares para deixar o cargo. Ele \u00e9 alvo de inqu\u00e9rito, autorizado pelo Supremo Tribunal Federal (STF) a &hellip;<\/p>\n","protected":false},"author":1,"featured_media":16870,"comment_status":"closed","ping_status":"closed","sticky":false,"template":"","format":"standard","meta":{"_jetpack_newsletter_access":"","_jetpack_dont_email_post_to_subs":false,"_jetpack_newsletter_tier_id":0,"_jetpack_memberships_contains_paywalled_content":false,"_jetpack_memberships_contains_paid_content":false,"footnotes":""},"categories":[1],"tags":[],"class_list":["post-16869","post","type-post","status-publish","format-standard","has-post-thumbnail","hentry","category-destaque"],"jetpack_sharing_enabled":true,"jetpack_featured_media_url":"","_links":{"self":[{"href":"https:\/\/www.oparanews.com.br\/index.php\/wp-json\/wp\/v2\/posts\/16869","targetHints":{"allow":["GET"]}}],"collection":[{"href":"https:\/\/www.oparanews.com.br\/index.php\/wp-json\/wp\/v2\/posts"}],"about":[{"href":"https:\/\/www.oparanews.com.br\/index.php\/wp-json\/wp\/v2\/types\/post"}],"author":[{"embeddable":true,"href":"https:\/\/www.oparanews.com.br\/index.php\/wp-json\/wp\/v2\/users\/1"}],"replies":[{"embeddable":true,"href":"https:\/\/www.oparanews.com.br\/index.php\/wp-json\/wp\/v2\/comments?post=16869"}],"version-history":[{"count":0,"href":"https:\/\/www.oparanews.com.br\/index.php\/wp-json\/wp\/v2\/posts\/16869\/revisions"}],"wp:attachment":[{"href":"https:\/\/www.oparanews.com.br\/index.php\/wp-json\/wp\/v2\/media?parent=16869"}],"wp:term":[{"taxonomy":"category","embeddable":true,"href":"https:\/\/www.oparanews.com.br\/index.php\/wp-json\/wp\/v2\/categories?post=16869"},{"taxonomy":"post_tag","embeddable":true,"href":"https:\/\/www.oparanews.com.br\/index.php\/wp-json\/wp\/v2\/tags?post=16869"}],"curies":[{"name":"wp","href":"https:\/\/api.w.org\/{rel}","templated":true}]}}