{"id":16872,"date":"2021-06-24T02:17:04","date_gmt":"2021-06-24T02:17:04","guid":{"rendered":"https:\/\/oparanews.com.br\/?p=16872"},"modified":"2021-06-24T02:17:04","modified_gmt":"2021-06-24T02:17:04","slug":"fla-bate-fortaleza-na-despedida-de-gerson","status":"publish","type":"post","link":"https:\/\/www.oparanews.com.br\/index.php\/2021\/06\/24\/fla-bate-fortaleza-na-despedida-de-gerson\/","title":{"rendered":"Fla bate Fortaleza na despedida de Gerson"},"content":{"rendered":"<p>O Flamengo venceu o Fortaleza por 2 a 1, nesta quarta-feira, no Maracan\u00e3, pela sexta rodada do Brasileir\u00e3o. Recuperado da derrota para o Bragantino na \u00faltima rodada, o time de Rogerio Ceni dominou o advers\u00e1rio no primeiro tempo e chegou aos dois gols com Bruno Henrique. Na volta do intervalo, o Tricolor diminuiu nos primeiros segundos com David e passou a pressionar mais o Fla, obrigando Diego Alves a fazer boas defesas. Os donos da casa tamb\u00e9m tiveram chances de ampliar, com bola no travess\u00e3o e defesa\u00e7as de Felipe Alves.<\/p>\n<p><strong>Adeus, Gerson<\/strong><\/p>\n<p>O confronto marcou o \u00faltimo jogo de Gerson com a camisa do Flamengo. Ap\u00f3s 704 dias desde sua apresenta\u00e7\u00e3o e com oito t\u00edtulos conquistados, o volante quase marcou um gol no adeus. Aos 22 minutos do segundo tempo, Gerson apareceu na segunda trave para finalizar, mas Felipe Alves fez grande defesa. Se n\u00e3o teve gol, teve vit\u00f3ria no \u00faltimo jogo do volante. Depois de 109 jogos com a camisa rubro-negra, Gerson est\u00e1 de partida para o Olympique de Marselha, da Fran\u00e7a.<\/p>\n<p>&#8211; Imagina se despedir do clube que quando voc\u00ea era crian\u00e7a sempre torceu, chorou na derrota, sorriu na vit\u00f3ria, e um dia tem a oportunidade de vestir a camisa. Imagina o que \u00e9 ter que se despedir, o que passa pela cabe\u00e7a &#8211; disse o volante ap\u00f3s o jogo.<\/p>\n<p><strong>Acabou a invencibilidade<\/strong><\/p>\n<p>O Fortaleza encerrou uma invencibilidade de 21 jogos com a derrota para o Flamengo nesta quarta. Com o melhor in\u00edcio da hist\u00f3ria do clube no Brasileir\u00e3o de pontos corridos, o Tricolor vinha de tr\u00eas vit\u00f3rias e dois empates. Foi tamb\u00e9m o primeiro rev\u00e9s do t\u00e9cnico Juan Pablo Vojvoda \u00e0 frente dos cearenses.<\/p>\n<p><strong>O que vem por a\u00ed<\/strong><\/p>\n<p>Com a vit\u00f3ria, o Flamengo chegou a s\u00e9timo lugar com nove pontos e ainda dois jogos a menos. J\u00e1 o Fortaleza mant\u00e9m os 11 pontos e \u00e9 o terceiro colocado.<\/p>\n<p>\u00c0s 11h do pr\u00f3ximo domingo, o Flamengo vai ao Alfredo Jaconi enfrentar o Juventude, enquanto o Fortaleza joga \u00e0s 20h contra o Gr\u00eamio, na Arena do Gr\u00eamio.<\/p>\n<p>&nbsp;<\/p>\n<p><strong>Fonte: GE<\/strong><\/p>\n<p>&nbsp;<\/p>\n","protected":false},"excerpt":{"rendered":"<p>O Flamengo venceu o Fortaleza por 2 a 1, nesta quarta-feira, no Maracan\u00e3, pela sexta rodada do Brasileir\u00e3o. Recuperado da derrota para o Bragantino na \u00faltima rodada, o time de Rogerio Ceni dominou o advers\u00e1rio no primeiro tempo e chegou aos dois gols com Bruno Henrique. Na volta do intervalo, o Tricolor diminuiu nos primeiros &hellip;<\/p>\n","protected":false},"author":1,"featured_media":16873,"comment_status":"closed","ping_status":"closed","sticky":false,"template":"","format":"standard","meta":{"_jetpack_newsletter_access":"","_jetpack_dont_email_post_to_subs":false,"_jetpack_newsletter_tier_id":0,"_jetpack_memberships_contains_paywalled_content":false,"_jetpack_memberships_contains_paid_content":false,"footnotes":""},"categories":[1],"tags":[],"class_list":["post-16872","post","type-post","status-publish","format-standard","has-post-thumbnail","hentry","category-destaque"],"jetpack_sharing_enabled":true,"jetpack_featured_media_url":"","_links":{"self":[{"href":"https:\/\/www.oparanews.com.br\/index.php\/wp-json\/wp\/v2\/posts\/16872","targetHints":{"allow":["GET"]}}],"collection":[{"href":"https:\/\/www.oparanews.com.br\/index.php\/wp-json\/wp\/v2\/posts"}],"about":[{"href":"https:\/\/www.oparanews.com.br\/index.php\/wp-json\/wp\/v2\/types\/post"}],"author":[{"embeddable":true,"href":"https:\/\/www.oparanews.com.br\/index.php\/wp-json\/wp\/v2\/users\/1"}],"replies":[{"embeddable":true,"href":"https:\/\/www.oparanews.com.br\/index.php\/wp-json\/wp\/v2\/comments?post=16872"}],"version-history":[{"count":0,"href":"https:\/\/www.oparanews.com.br\/index.php\/wp-json\/wp\/v2\/posts\/16872\/revisions"}],"wp:attachment":[{"href":"https:\/\/www.oparanews.com.br\/index.php\/wp-json\/wp\/v2\/media?parent=16872"}],"wp:term":[{"taxonomy":"category","embeddable":true,"href":"https:\/\/www.oparanews.com.br\/index.php\/wp-json\/wp\/v2\/categories?post=16872"},{"taxonomy":"post_tag","embeddable":true,"href":"https:\/\/www.oparanews.com.br\/index.php\/wp-json\/wp\/v2\/tags?post=16872"}],"curies":[{"name":"wp","href":"https:\/\/api.w.org\/{rel}","templated":true}]}}