{"id":16875,"date":"2021-06-24T02:18:18","date_gmt":"2021-06-24T02:18:18","guid":{"rendered":"https:\/\/oparanews.com.br\/?p=16875"},"modified":"2021-06-24T02:18:18","modified_gmt":"2021-06-24T02:18:18","slug":"brasil-bate-recorde-de-casos-desde-o-inicio-da-pandemia","status":"publish","type":"post","link":"https:\/\/www.oparanews.com.br\/index.php\/2021\/06\/24\/brasil-bate-recorde-de-casos-desde-o-inicio-da-pandemia\/","title":{"rendered":"Brasil bate recorde de casos desde o in\u00edcio da pandemia"},"content":{"rendered":"<p>O Brasil registrou nesta quarta-feira, 23, o maior n\u00famero de casos de covid-19 em um per\u00edodo de 24 horas desde o in\u00edcio da pandemia. Segundo o Conselho Nacional de Secret\u00e1rios de Sa\u00fade (Conass), foram mais 115.228 cont\u00e1gios em um dia, elevando o total para 18.169.881.<\/p>\n<p>Os Estados com maior n\u00famero de infec\u00e7\u00f5es s\u00e3o: S\u00e3o Paulo (3.630.251), Minas Gerais (1.757.649), Paran\u00e1 (1.240.399), Rio Grande do Sul (1.193.849), Bahia (1.108.769) e Santa Catarina (1.035.042).<\/p>\n<p>O boletim ainda informa que o Pa\u00eds contabiliza 507.109 mortes, com o acr\u00e9scimo de 2.392 vidas perdidas entre a ter\u00e7a-feira, 22, e esta quarta-feira. A taxa de letalidade est\u00e1 mantida em 2,8 % e o \u00edndice de mortalidade por cada 100 mil habitantes subiu para 241,3.<\/p>\n<p>Com a pandemia fora de controle, as m\u00e9dias m\u00f3veis de casos e mortes continuam apresentando tend\u00eancia de alta: s\u00e3o 77.328 cont\u00e1gios &#8211; com aumento expressivo em rela\u00e7\u00e3o a ontem, que foi de 74.490 &#8211; e 1.917 vidas perdidas.<\/p>\n<p>Ainda segundo o boletim do Conass, o estado de S\u00e3o Paulo \u00e9 o que apresenta maior n\u00famero de v\u00edtimas em termos absolutos, com 123.825 mortes. Na sequ\u00eancia, aparecem Rio de Janeiro (54.662), Minas Gerais (45.036), Rio Grande do Sul (30.749) e Paran\u00e1 (30.267).<\/p>\n<p>Conforme levantamento da Universidade Johns Hopkins, o Brasil \u00e9 o segundo pa\u00eds no mundo com mais mortes pelo novo coronav\u00edrus, atr\u00e1s apenas dos EUA (602.705). J\u00e1 em n\u00famero de casos, o Brasil fica atr\u00e1s dos EUA (33.573.448) e da \u00cdndia (30.028.709).<\/p>\n<p><strong>Cons\u00f3rcio de Imprensa<\/strong><\/p>\n<p>Brasil atingiu nesta quarta-feira, 23, um novo recorde de casos do coronav\u00edrus, com 114.139 testes positivos registrados nas \u00faltimas 24 horas. Ao mesmo tempo, o Pa\u00eds teve 2.343 novas mortes pela doen\u00e7a. A alta de novas infec\u00e7\u00f5es se deu principalmente pelo represamento de dados e nova metodologia na contagem do Rio Grande do Norte, respons\u00e1vel por 36.274 das novas infec\u00e7\u00f5es contabilizadas nesta quarta.<\/p>\n<p>A Secretaria de Estado da Sa\u00fade P\u00fablica (Sesap) do Rio Grande do Norte passou a utilizar o Sistema Unificado de Vigil\u00e2ncia Epidemiol\u00f3gica (Suvepi). Desenvolvida em parceria com o Instituto Metr\u00f3pole Digital (IMD), da Universidade Federal do Rio Grande do Norte (UFRN), a ferramenta \u00e9 utilizada para a investiga\u00e7\u00e3o dos casos, cria\u00e7\u00e3o, edi\u00e7\u00e3o, migra\u00e7\u00e3o e unifica\u00e7\u00e3o das notifica\u00e7\u00f5es dos sistemas de informa\u00e7\u00e3o ESUS-VE, SIVEP-GRIPE e GAL. Com a altera\u00e7\u00e3o no sistema, houve um aumento no n\u00famero de casos pela inser\u00e7\u00e3o de dados represados do sistema SIVEP-GRIPE, de acordo com nota divulgada pela pr\u00f3pria Sesasp.<\/p>\n<p>A m\u00e9dia semanal de v\u00edtimas, que elimina distor\u00e7\u00f5es entre dias \u00fateis e fim de semana, ficou em 1.915, abaixo dos 1.962 registrados na v\u00e9spera, mas em patamar ainda considerado &#8220;alto&#8221; por especialistas. No total, o Brasil tem 507.240 mortos e 18.170.778 casos da doen\u00e7a, a segunda na\u00e7\u00e3o com mais registros, atr\u00e1s apenas dos Estados Unidos.<\/p>\n<p>Os dados di\u00e1rios do Brasil s\u00e3o do cons\u00f3rcio de ve\u00edculos de imprensa formado por Estad\u00e3o, G1, O Globo, Extra, Folha e UOL em parceria com 27 secretarias estaduais de Sa\u00fade, em balan\u00e7o divulgado \u00e0s 20h. Segundo os n\u00fameros do governo, mais de 16,4 milh\u00f5es de pessoas j\u00e1 se recuperaram da doen\u00e7a.<\/p>\n<p>&nbsp;<\/p>\n<p><strong>Fonte: Terra com informa\u00e7\u00f5es do Estad\u00e3o Conte\u00fado<\/strong><\/p>\n<p>&nbsp;<\/p>\n","protected":false},"excerpt":{"rendered":"<p>O Brasil registrou nesta quarta-feira, 23, o maior n\u00famero de casos de covid-19 em um per\u00edodo de 24 horas desde o in\u00edcio da pandemia. Segundo o Conselho Nacional de Secret\u00e1rios de Sa\u00fade (Conass), foram mais 115.228 cont\u00e1gios em um dia, elevando o total para 18.169.881. Os Estados com maior n\u00famero de infec\u00e7\u00f5es s\u00e3o: S\u00e3o Paulo &hellip;<\/p>\n","protected":false},"author":1,"featured_media":16876,"comment_status":"closed","ping_status":"closed","sticky":false,"template":"","format":"standard","meta":{"_jetpack_newsletter_access":"","_jetpack_dont_email_post_to_subs":false,"_jetpack_newsletter_tier_id":0,"_jetpack_memberships_contains_paywalled_content":false,"_jetpack_memberships_contains_paid_content":false,"footnotes":""},"categories":[1],"tags":[],"class_list":["post-16875","post","type-post","status-publish","format-standard","has-post-thumbnail","hentry","category-destaque"],"jetpack_sharing_enabled":true,"jetpack_featured_media_url":"","_links":{"self":[{"href":"https:\/\/www.oparanews.com.br\/index.php\/wp-json\/wp\/v2\/posts\/16875","targetHints":{"allow":["GET"]}}],"collection":[{"href":"https:\/\/www.oparanews.com.br\/index.php\/wp-json\/wp\/v2\/posts"}],"about":[{"href":"https:\/\/www.oparanews.com.br\/index.php\/wp-json\/wp\/v2\/types\/post"}],"author":[{"embeddable":true,"href":"https:\/\/www.oparanews.com.br\/index.php\/wp-json\/wp\/v2\/users\/1"}],"replies":[{"embeddable":true,"href":"https:\/\/www.oparanews.com.br\/index.php\/wp-json\/wp\/v2\/comments?post=16875"}],"version-history":[{"count":0,"href":"https:\/\/www.oparanews.com.br\/index.php\/wp-json\/wp\/v2\/posts\/16875\/revisions"}],"wp:attachment":[{"href":"https:\/\/www.oparanews.com.br\/index.php\/wp-json\/wp\/v2\/media?parent=16875"}],"wp:term":[{"taxonomy":"category","embeddable":true,"href":"https:\/\/www.oparanews.com.br\/index.php\/wp-json\/wp\/v2\/categories?post=16875"},{"taxonomy":"post_tag","embeddable":true,"href":"https:\/\/www.oparanews.com.br\/index.php\/wp-json\/wp\/v2\/tags?post=16875"}],"curies":[{"name":"wp","href":"https:\/\/api.w.org\/{rel}","templated":true}]}}