{"id":16878,"date":"2021-06-24T02:21:03","date_gmt":"2021-06-24T02:21:03","guid":{"rendered":"https:\/\/oparanews.com.br\/?p=16878"},"modified":"2021-06-24T02:21:03","modified_gmt":"2021-06-24T02:21:03","slug":"brasil-vence-a-colombia-e-avanca-em-1o","status":"publish","type":"post","link":"https:\/\/www.oparanews.com.br\/index.php\/2021\/06\/24\/brasil-vence-a-colombia-e-avanca-em-1o\/","title":{"rendered":"Brasil vence a Col\u00f4mbia e avan\u00e7a em 1\u00ba"},"content":{"rendered":"<p>A sele\u00e7\u00e3o brasileira venceu a Col\u00f4mbia por 2 a 1 com um gol marcado por Casemiro aos 54 minutos do segundo tempo e se classificou como primeira colocada do Grupo B da Copa Am\u00e9rica com uma rodada de anteced\u00eancia. O jogo foi no est\u00e1dio Nilton Santos, no Rio de Janeiro.<\/p>\n<p>Os colombianos abriram o placar logo no come\u00e7o, com Luis D\u00edaz, e tomaram o empate aos 32 minutos do segundo tempo. No lance do gol de Roberto Firmino a bola bateu no \u00e1rbitro Nestor Pitana durante a jogada, que n\u00e3o foi paralisada. Isso gerou forte reclama\u00e7\u00e3o dos colombianos. Ap\u00f3s consulta ao VAR e quase dez minutos de paralisa\u00e7\u00e3o, o gol acabou validado. Casemiro marcou nos acr\u00e9scimos para sacramentar a virada e o primeiro lugar da chave com nove pontos, enquanto a Col\u00f4mbia fica em segundo com apenas quatro.<\/p>\n<p>A sele\u00e7\u00e3o brasileira vai a Goi\u00e2nia para a \u00faltima rodada da fase de grupos no domingo, \u00e0s 18h, contra o Equador. J\u00e1 a Col\u00f4mbia fica de folga, porque o grupo \u00e9 formado por cinco sele\u00e7\u00f5es, e espera o complemento da rodada para saber o que vem pela frente.<\/p>\n<p>&nbsp;<\/p>\n<p><strong>Fonte: UOL<\/strong><\/p>\n<p>&nbsp;<\/p>\n","protected":false},"excerpt":{"rendered":"<p>A sele\u00e7\u00e3o brasileira venceu a Col\u00f4mbia por 2 a 1 com um gol marcado por Casemiro aos 54 minutos do segundo tempo e se classificou como primeira colocada do Grupo B da Copa Am\u00e9rica com uma rodada de anteced\u00eancia. O jogo foi no est\u00e1dio Nilton Santos, no Rio de Janeiro. Os colombianos abriram o placar &hellip;<\/p>\n","protected":false},"author":1,"featured_media":16879,"comment_status":"closed","ping_status":"closed","sticky":false,"template":"","format":"standard","meta":{"_jetpack_newsletter_access":"","_jetpack_dont_email_post_to_subs":false,"_jetpack_newsletter_tier_id":0,"_jetpack_memberships_contains_paywalled_content":false,"_jetpack_memberships_contains_paid_content":false,"footnotes":""},"categories":[1],"tags":[],"class_list":["post-16878","post","type-post","status-publish","format-standard","has-post-thumbnail","hentry","category-destaque"],"jetpack_sharing_enabled":true,"jetpack_featured_media_url":"","_links":{"self":[{"href":"https:\/\/www.oparanews.com.br\/index.php\/wp-json\/wp\/v2\/posts\/16878","targetHints":{"allow":["GET"]}}],"collection":[{"href":"https:\/\/www.oparanews.com.br\/index.php\/wp-json\/wp\/v2\/posts"}],"about":[{"href":"https:\/\/www.oparanews.com.br\/index.php\/wp-json\/wp\/v2\/types\/post"}],"author":[{"embeddable":true,"href":"https:\/\/www.oparanews.com.br\/index.php\/wp-json\/wp\/v2\/users\/1"}],"replies":[{"embeddable":true,"href":"https:\/\/www.oparanews.com.br\/index.php\/wp-json\/wp\/v2\/comments?post=16878"}],"version-history":[{"count":0,"href":"https:\/\/www.oparanews.com.br\/index.php\/wp-json\/wp\/v2\/posts\/16878\/revisions"}],"wp:attachment":[{"href":"https:\/\/www.oparanews.com.br\/index.php\/wp-json\/wp\/v2\/media?parent=16878"}],"wp:term":[{"taxonomy":"category","embeddable":true,"href":"https:\/\/www.oparanews.com.br\/index.php\/wp-json\/wp\/v2\/categories?post=16878"},{"taxonomy":"post_tag","embeddable":true,"href":"https:\/\/www.oparanews.com.br\/index.php\/wp-json\/wp\/v2\/tags?post=16878"}],"curies":[{"name":"wp","href":"https:\/\/api.w.org\/{rel}","templated":true}]}}