{"id":16881,"date":"2021-06-24T17:29:18","date_gmt":"2021-06-24T17:29:18","guid":{"rendered":"https:\/\/oparanews.com.br\/?p=16881"},"modified":"2021-06-24T17:29:18","modified_gmt":"2021-06-24T17:29:18","slug":"confira-toda-a-programacao-da-live-junina-arroche-o-no","status":"publish","type":"post","link":"https:\/\/www.oparanews.com.br\/index.php\/2021\/06\/24\/confira-toda-a-programacao-da-live-junina-arroche-o-no\/","title":{"rendered":"Confira toda a programa\u00e7\u00e3o da Live Junina Arroche o N\u00f3"},"content":{"rendered":"<p>A Live Junina Arroche o N\u00f3 est\u00e1 com toda a sua programa\u00e7\u00e3o definida. O evento que ser\u00e1 transmitido pelo canal no YouTube da Prefeitura de Penedo acontece nos dias 25 e 26 de junho.<\/p>\n<p>O trabalho desenvolvido pela Secretaria Municipal de Cultura, Lazer e Juventude valoriza bandas e m\u00fasicos locais selecionados por meio de edital que distribui cach\u00ea aos participantes.<\/p>\n<p>O arraial virtual tem muito forr\u00f3, quadrilhas juninas de Penedo e recital de cordel come\u00e7a \u00e0s 19 horas da sexta, 25. No s\u00e1bado, a festa inicia mais cedo, a partir das 16 horas.<\/p>\n<p>Confira a ordem de apresenta\u00e7\u00e3o da Live Junina Arroche o N\u00f3<\/p>\n<p><strong>Sexta 25\/06 \u2013 A PARTIR DAS 19 HORAS<\/strong><\/p>\n<p>Abertura com o grupo Carcar\u00e1s do Forr\u00f3<br \/>\nMarta Martins e Forr\u00f3 das Antigas<br \/>\nBanda Arri \u00c9gua<br \/>\nDeyvinho e Banda Xote<br \/>\nBanda Fio Dental<\/p>\n<p><strong>S\u00c1BADO 26\/06 \u2013 A PARTIR DAS 16 HORAS<\/strong><\/p>\n<p>Abertura com o grupo Carcar\u00e1s do Forr\u00f3<br \/>\nVal e Banda Desejo de Amar<br \/>\nBanda Ases do Forr\u00f3<br \/>\nDad\u00e1 Melo e Banda<br \/>\nMaxylene Cruz e Banda<\/p>\n<p>&nbsp;<\/p>\n<p><strong>Fonte: Decom PMP<\/strong><\/p>\n<p>&nbsp;<\/p>\n","protected":false},"excerpt":{"rendered":"<p>A Live Junina Arroche o N\u00f3 est\u00e1 com toda a sua programa\u00e7\u00e3o definida. O evento que ser\u00e1 transmitido pelo canal no YouTube da Prefeitura de Penedo acontece nos dias 25 e 26 de junho. O trabalho desenvolvido pela Secretaria Municipal de Cultura, Lazer e Juventude valoriza bandas e m\u00fasicos locais selecionados por meio de edital &hellip;<\/p>\n","protected":false},"author":1,"featured_media":16882,"comment_status":"closed","ping_status":"closed","sticky":false,"template":"","format":"standard","meta":{"_jetpack_newsletter_access":"","_jetpack_dont_email_post_to_subs":false,"_jetpack_newsletter_tier_id":0,"_jetpack_memberships_contains_paywalled_content":false,"_jetpack_memberships_contains_paid_content":false,"footnotes":""},"categories":[1],"tags":[],"class_list":["post-16881","post","type-post","status-publish","format-standard","has-post-thumbnail","hentry","category-destaque"],"jetpack_sharing_enabled":true,"jetpack_featured_media_url":"","_links":{"self":[{"href":"https:\/\/www.oparanews.com.br\/index.php\/wp-json\/wp\/v2\/posts\/16881","targetHints":{"allow":["GET"]}}],"collection":[{"href":"https:\/\/www.oparanews.com.br\/index.php\/wp-json\/wp\/v2\/posts"}],"about":[{"href":"https:\/\/www.oparanews.com.br\/index.php\/wp-json\/wp\/v2\/types\/post"}],"author":[{"embeddable":true,"href":"https:\/\/www.oparanews.com.br\/index.php\/wp-json\/wp\/v2\/users\/1"}],"replies":[{"embeddable":true,"href":"https:\/\/www.oparanews.com.br\/index.php\/wp-json\/wp\/v2\/comments?post=16881"}],"version-history":[{"count":0,"href":"https:\/\/www.oparanews.com.br\/index.php\/wp-json\/wp\/v2\/posts\/16881\/revisions"}],"wp:attachment":[{"href":"https:\/\/www.oparanews.com.br\/index.php\/wp-json\/wp\/v2\/media?parent=16881"}],"wp:term":[{"taxonomy":"category","embeddable":true,"href":"https:\/\/www.oparanews.com.br\/index.php\/wp-json\/wp\/v2\/categories?post=16881"},{"taxonomy":"post_tag","embeddable":true,"href":"https:\/\/www.oparanews.com.br\/index.php\/wp-json\/wp\/v2\/tags?post=16881"}],"curies":[{"name":"wp","href":"https:\/\/api.w.org\/{rel}","templated":true}]}}