{"id":16884,"date":"2021-06-24T17:40:46","date_gmt":"2021-06-24T17:40:46","guid":{"rendered":"https:\/\/oparanews.com.br\/?p=16884"},"modified":"2021-06-24T17:40:46","modified_gmt":"2021-06-24T17:40:46","slug":"comeca-terceira-etapa-de-vacinacao-contra-hin1-em-penedo","status":"publish","type":"post","link":"https:\/\/www.oparanews.com.br\/index.php\/2021\/06\/24\/comeca-terceira-etapa-de-vacinacao-contra-hin1-em-penedo\/","title":{"rendered":"Come\u00e7a terceira etapa de vacina\u00e7\u00e3o contra HIN1 em Penedo"},"content":{"rendered":"<p>A SEMS- Secretaria Municipal de Sa\u00fade da Prefeitura de Penedo vacina contra H1N1, tamb\u00e9m conhecida por gripe influenza, o terceiro grupo priorit\u00e1rio, desde o in\u00edcio da campanha de imuniza\u00e7\u00e3o contra essa doen\u00e7a, no \u00faltimo dia 5 de mar\u00e7o.<\/p>\n<p>A imuniza\u00e7\u00e3o j\u00e1 est\u00e1 sendo realizada e segue at\u00e9 o pr\u00f3ximo dia 9 de julho, ocorrendo nas Unidades B\u00e1sicas de Sa\u00fade (UBS) do munic\u00edpio.<\/p>\n<p>Para ter acesso a vacina, \u00e9 preciso apresentar documento oficial com foto e levar a caderneta de vacina\u00e7\u00e3o.<\/p>\n<p>Os grupos priorit\u00e1rios que fazem parte dessa etapa da vacina\u00e7\u00e3o contra a doen\u00e7a, incluem pessoas com comorbidades, defici\u00eancia permanente e tamb\u00e9m grupos de trabalhadores, sendo esses: caminhoneiros, trabalhadores de transporte coletivo, rodovi\u00e1rio, de passageiros urbano e de longo curso.<\/p>\n<p><a href=\"https:\/\/oparanews.com.br\/comeca-terceira-etapa-de-vacinacao-contra-hin1-em-penedo\/sem-titulo-3628\/\" rel=\"attachment wp-att-16886\"><img loading=\"lazy\" decoding=\"async\" class=\"aligncenter wp-image-16886 size-full\" src=\"https:\/\/oparanews.com.br\/wp-content\/uploads\/2021\/06\/Sem-t\u00edtulo-216.jpg\" alt=\"\" width=\"934\" height=\"1024\" \/><\/a><\/p>\n<p>Al\u00e9m disso tamb\u00e9m est\u00e3o sendo vacinados, trabalhadores portu\u00e1rios, for\u00e7as de seguran\u00e7a e salvamento, For\u00e7as Armadas, funcion\u00e1rios do sistema de priva\u00e7\u00e3o de liberdade e a popula\u00e7\u00e3o privada de liberdade, assim como adolescentes e jovens em medidas socioeducativas<\/p>\n<p>Apesar do come\u00e7o da terceira etapa, todos os demais contemplados nas etapas anteriores podem se vacinar ainda.<\/p>\n<p>Vacina\u00e7\u00e3o<\/p>\n<p>A SEMS j\u00e1 vacinou contra H1N1, trabalhadores da \u00e1rea de sa\u00fade, gestantes, pu\u00e9rperas (mulheres com filhos rec\u00e9m nascidos) , crian\u00e7as com seis meses de idade e menores de seis anos, na primeira etapa da imuniza\u00e7\u00e3o.<\/p>\n<p>J\u00e1 na segunda etapa foi a vez dos profissionais do magist\u00e9rio e pessoas idosas com mais de 60 anos de idade.<\/p>\n<p>&nbsp;<\/p>\n<p><strong>por Thiago Sobral &#8211; Decom PMP<\/strong><\/p>\n<p>&nbsp;<\/p>\n","protected":false},"excerpt":{"rendered":"<p>A SEMS- Secretaria Municipal de Sa\u00fade da Prefeitura de Penedo vacina contra H1N1, tamb\u00e9m conhecida por gripe influenza, o terceiro grupo priorit\u00e1rio, desde o in\u00edcio da campanha de imuniza\u00e7\u00e3o contra essa doen\u00e7a, no \u00faltimo dia 5 de mar\u00e7o. A imuniza\u00e7\u00e3o j\u00e1 est\u00e1 sendo realizada e segue at\u00e9 o pr\u00f3ximo dia 9 de julho, ocorrendo nas &hellip;<\/p>\n","protected":false},"author":1,"featured_media":16885,"comment_status":"closed","ping_status":"closed","sticky":false,"template":"","format":"standard","meta":{"_jetpack_newsletter_access":"","_jetpack_dont_email_post_to_subs":false,"_jetpack_newsletter_tier_id":0,"_jetpack_memberships_contains_paywalled_content":false,"_jetpack_memberships_contains_paid_content":false,"footnotes":""},"categories":[1],"tags":[],"class_list":["post-16884","post","type-post","status-publish","format-standard","has-post-thumbnail","hentry","category-destaque"],"jetpack_sharing_enabled":true,"jetpack_featured_media_url":"","_links":{"self":[{"href":"https:\/\/www.oparanews.com.br\/index.php\/wp-json\/wp\/v2\/posts\/16884","targetHints":{"allow":["GET"]}}],"collection":[{"href":"https:\/\/www.oparanews.com.br\/index.php\/wp-json\/wp\/v2\/posts"}],"about":[{"href":"https:\/\/www.oparanews.com.br\/index.php\/wp-json\/wp\/v2\/types\/post"}],"author":[{"embeddable":true,"href":"https:\/\/www.oparanews.com.br\/index.php\/wp-json\/wp\/v2\/users\/1"}],"replies":[{"embeddable":true,"href":"https:\/\/www.oparanews.com.br\/index.php\/wp-json\/wp\/v2\/comments?post=16884"}],"version-history":[{"count":0,"href":"https:\/\/www.oparanews.com.br\/index.php\/wp-json\/wp\/v2\/posts\/16884\/revisions"}],"wp:attachment":[{"href":"https:\/\/www.oparanews.com.br\/index.php\/wp-json\/wp\/v2\/media?parent=16884"}],"wp:term":[{"taxonomy":"category","embeddable":true,"href":"https:\/\/www.oparanews.com.br\/index.php\/wp-json\/wp\/v2\/categories?post=16884"},{"taxonomy":"post_tag","embeddable":true,"href":"https:\/\/www.oparanews.com.br\/index.php\/wp-json\/wp\/v2\/tags?post=16884"}],"curies":[{"name":"wp","href":"https:\/\/api.w.org\/{rel}","templated":true}]}}