{"id":16898,"date":"2021-06-25T00:41:51","date_gmt":"2021-06-25T00:41:51","guid":{"rendered":"https:\/\/oparanews.com.br\/?p=16898"},"modified":"2021-06-25T00:41:51","modified_gmt":"2021-06-25T00:41:51","slug":"penedo-inicia-vacina-contra-covid-para-pessoas-com-40-anos","status":"publish","type":"post","link":"https:\/\/www.oparanews.com.br\/index.php\/2021\/06\/25\/penedo-inicia-vacina-contra-covid-para-pessoas-com-40-anos\/","title":{"rendered":"Penedo inicia vacina contra Covid para pessoas com 40 anos"},"content":{"rendered":"<p>A vacina\u00e7\u00e3o contra Covid-19 em Penedo avan\u00e7a para novas faixas et\u00e1rias a partir de amanh\u00e3 (sexta-feira, 25), quando a Secretaria Municipal de Sa\u00fade (SEMS) inicia a imuniza\u00e7\u00e3o de pessoas com 40 anos.<\/p>\n<p>Al\u00e9m de baixar a idade do p\u00fablico-alvo da campanha que precisa ser feita para at\u00e9 quem j\u00e1 completou 18 anos, a gest\u00e3o Crescendo Com Seu Povo inicia a pr\u00f3xima semana vacinando quem tem menos de 40 anos.<\/p>\n<p>Na v\u00e9spera de S\u00e3o Pedro (segunda-feira, 28 de junho), as pessoas com 39 anos de idade podem se dirigir at\u00e9 a Central de Vacina do gin\u00e1sio da Escola Estadual Ernani M\u00e9ro, no hor\u00e1rio entre 8h e 16 horas.<\/p>\n<p>Na ter\u00e7a-feira, 29, o atendimento estar\u00e1 dispon\u00edvel para quem j\u00e1 comemora 38 anos e na quarta-feira, 30, o m\u00eas de Junho termina com a inclus\u00e3o dos que j\u00e1 t\u00eam 37 anos de vida.<\/p>\n<p>Quem passou de sua data para receber a vacina, pode se dirigir em qualquer outro dia para ter acesso ao imunizante, levando documento oficial com foto, cart\u00e3o SUS e comprovante de resid\u00eancia.<\/p>\n<p>O excelente desempenho da SEMS Penedo na campanha de vacina\u00e7\u00e3o contra Covid coloca o munic\u00edpio entre os cinco primeiros de Alagoas com melhores resultados.<\/p>\n<p>At\u00e9 hoje (quinta-feira, 24 de junho), a Secretaria de Sa\u00fade de Penedo vacinou 21.608 pessoas, sendo que destas 6.529 tamb\u00e9m receberam a 2\u00aa dose, totalizando 27.775 doses aplicadas pela SEMS.<\/p>\n<p>Penedo vacina gestantes e mulheres com crian\u00e7as rec\u00e9m-nascidas<\/p>\n<p>As equipes fazem busca ativa, vacina em domic\u00edlio e atendimento na Central, trabalho conjunto destacado pelo Secret\u00e1rio de Estado da Sa\u00fade sempre que comenta a campanha desenvolvidas pelos munic\u00edpios alagoanos.<\/p>\n<p>Al\u00e9m de se proteger contra o coronav\u00edrus, quem quiser colaborar doando alimentos para pessoas em situa\u00e7\u00e3o de vulnerabilidade social podem participar da campanha Vacina Solid\u00e1ria, a\u00e7\u00e3o da Prefeitura de Penedo para atender quem mais precisa.<\/p>\n<p>&nbsp;<\/p>\n<p><strong>por Fernando Vin\u00edcius \u2013 Decom PMP<\/strong><\/p>\n<p>&nbsp;<\/p>\n","protected":false},"excerpt":{"rendered":"<p>A vacina\u00e7\u00e3o contra Covid-19 em Penedo avan\u00e7a para novas faixas et\u00e1rias a partir de amanh\u00e3 (sexta-feira, 25), quando a Secretaria Municipal de Sa\u00fade (SEMS) inicia a imuniza\u00e7\u00e3o de pessoas com 40 anos. Al\u00e9m de baixar a idade do p\u00fablico-alvo da campanha que precisa ser feita para at\u00e9 quem j\u00e1 completou 18 anos, a gest\u00e3o Crescendo &hellip;<\/p>\n","protected":false},"author":1,"featured_media":16899,"comment_status":"closed","ping_status":"closed","sticky":false,"template":"","format":"standard","meta":{"_jetpack_newsletter_access":"","_jetpack_dont_email_post_to_subs":false,"_jetpack_newsletter_tier_id":0,"_jetpack_memberships_contains_paywalled_content":false,"_jetpack_memberships_contains_paid_content":false,"footnotes":""},"categories":[1],"tags":[],"class_list":["post-16898","post","type-post","status-publish","format-standard","has-post-thumbnail","hentry","category-destaque"],"jetpack_sharing_enabled":true,"jetpack_featured_media_url":"","_links":{"self":[{"href":"https:\/\/www.oparanews.com.br\/index.php\/wp-json\/wp\/v2\/posts\/16898","targetHints":{"allow":["GET"]}}],"collection":[{"href":"https:\/\/www.oparanews.com.br\/index.php\/wp-json\/wp\/v2\/posts"}],"about":[{"href":"https:\/\/www.oparanews.com.br\/index.php\/wp-json\/wp\/v2\/types\/post"}],"author":[{"embeddable":true,"href":"https:\/\/www.oparanews.com.br\/index.php\/wp-json\/wp\/v2\/users\/1"}],"replies":[{"embeddable":true,"href":"https:\/\/www.oparanews.com.br\/index.php\/wp-json\/wp\/v2\/comments?post=16898"}],"version-history":[{"count":0,"href":"https:\/\/www.oparanews.com.br\/index.php\/wp-json\/wp\/v2\/posts\/16898\/revisions"}],"wp:attachment":[{"href":"https:\/\/www.oparanews.com.br\/index.php\/wp-json\/wp\/v2\/media?parent=16898"}],"wp:term":[{"taxonomy":"category","embeddable":true,"href":"https:\/\/www.oparanews.com.br\/index.php\/wp-json\/wp\/v2\/categories?post=16898"},{"taxonomy":"post_tag","embeddable":true,"href":"https:\/\/www.oparanews.com.br\/index.php\/wp-json\/wp\/v2\/tags?post=16898"}],"curies":[{"name":"wp","href":"https:\/\/api.w.org\/{rel}","templated":true}]}}