{"id":16901,"date":"2021-06-25T13:08:28","date_gmt":"2021-06-25T13:08:28","guid":{"rendered":"https:\/\/oparanews.com.br\/?p=16901"},"modified":"2021-06-25T13:08:28","modified_gmt":"2021-06-25T13:08:28","slug":"adolescente-de-14-anos-morre-apos-ser-baleado-em-arapiraca","status":"publish","type":"post","link":"https:\/\/www.oparanews.com.br\/index.php\/2021\/06\/25\/adolescente-de-14-anos-morre-apos-ser-baleado-em-arapiraca\/","title":{"rendered":"Adolescente de 14 anos morre ap\u00f3s ser baleado em Arapiraca"},"content":{"rendered":"<p>Um adolescente de 14 anos foi assassinado a tiros na noite de quinta-feira (24), no bairro Manoel Teles, em Arapiraca, no agreste alagoano.<\/p>\n<p>O pai do garoto tentou socorr\u00ea-lo e teve o apoio do Servi\u00e7o de Atendimento M\u00f3vel de Urg\u00eancia (Samu). A v\u00edtima foi levada para o Hospital de Emerg\u00eancia do Agreste, mas n\u00e3o resistiu.<\/p>\n<p>Testemunhas contaram \u00e0 pol\u00edcia que dois homens em uma motocicleta fugiram logo ap\u00f3s os disparos. Ainda n\u00e3o se sabe o que motivou o crime, a Pol\u00edcia Civil vai investigar o caso.<\/p>\n<p>&nbsp;<\/p>\n<p><strong>Fonte: G1\/AL<\/strong><\/p>\n<p>&nbsp;<\/p>\n","protected":false},"excerpt":{"rendered":"<p>Um adolescente de 14 anos foi assassinado a tiros na noite de quinta-feira (24), no bairro Manoel Teles, em Arapiraca, no agreste alagoano. O pai do garoto tentou socorr\u00ea-lo e teve o apoio do Servi\u00e7o de Atendimento M\u00f3vel de Urg\u00eancia (Samu). A v\u00edtima foi levada para o Hospital de Emerg\u00eancia do Agreste, mas n\u00e3o resistiu. &hellip;<\/p>\n","protected":false},"author":1,"featured_media":16902,"comment_status":"closed","ping_status":"closed","sticky":false,"template":"","format":"standard","meta":{"_jetpack_newsletter_access":"","_jetpack_dont_email_post_to_subs":false,"_jetpack_newsletter_tier_id":0,"_jetpack_memberships_contains_paywalled_content":false,"_jetpack_memberships_contains_paid_content":false,"footnotes":""},"categories":[1],"tags":[],"class_list":["post-16901","post","type-post","status-publish","format-standard","has-post-thumbnail","hentry","category-destaque"],"jetpack_sharing_enabled":true,"jetpack_featured_media_url":"","_links":{"self":[{"href":"https:\/\/www.oparanews.com.br\/index.php\/wp-json\/wp\/v2\/posts\/16901","targetHints":{"allow":["GET"]}}],"collection":[{"href":"https:\/\/www.oparanews.com.br\/index.php\/wp-json\/wp\/v2\/posts"}],"about":[{"href":"https:\/\/www.oparanews.com.br\/index.php\/wp-json\/wp\/v2\/types\/post"}],"author":[{"embeddable":true,"href":"https:\/\/www.oparanews.com.br\/index.php\/wp-json\/wp\/v2\/users\/1"}],"replies":[{"embeddable":true,"href":"https:\/\/www.oparanews.com.br\/index.php\/wp-json\/wp\/v2\/comments?post=16901"}],"version-history":[{"count":0,"href":"https:\/\/www.oparanews.com.br\/index.php\/wp-json\/wp\/v2\/posts\/16901\/revisions"}],"wp:attachment":[{"href":"https:\/\/www.oparanews.com.br\/index.php\/wp-json\/wp\/v2\/media?parent=16901"}],"wp:term":[{"taxonomy":"category","embeddable":true,"href":"https:\/\/www.oparanews.com.br\/index.php\/wp-json\/wp\/v2\/categories?post=16901"},{"taxonomy":"post_tag","embeddable":true,"href":"https:\/\/www.oparanews.com.br\/index.php\/wp-json\/wp\/v2\/tags?post=16901"}],"curies":[{"name":"wp","href":"https:\/\/api.w.org\/{rel}","templated":true}]}}