{"id":16907,"date":"2021-06-25T13:22:24","date_gmt":"2021-06-25T13:22:24","guid":{"rendered":"https:\/\/oparanews.com.br\/?p=16907"},"modified":"2021-06-25T13:22:24","modified_gmt":"2021-06-25T13:22:24","slug":"ipec-lula-tem-49-das-intencoes-de-voto-bolsonaro-23","status":"publish","type":"post","link":"https:\/\/www.oparanews.com.br\/index.php\/2021\/06\/25\/ipec-lula-tem-49-das-intencoes-de-voto-bolsonaro-23\/","title":{"rendered":"Ipec: Lula tem 49% das inten\u00e7\u00f5es de voto; Bolsonaro 23%"},"content":{"rendered":"<p>Os eleitores evang\u00e9licos, que na elei\u00e7\u00e3o presidencial de 2018 estavam entre os mais fi\u00e9is ao ent\u00e3o candidato Jair Bolsonaro, j\u00e1 n\u00e3o o apoiam majoritariamente.<\/p>\n<p>A pesquisa divulgada nesta quinta-feira, 24 de junho, pelo instituto Ipec mostra que, no eleitorado evang\u00e9lico, quem lidera a corrida pelo Pal\u00e1cio do Planalto em 2022 \u00e9 o ex-presidente Luiz In\u00e1cio Lula da Silva (PT) (41% a 32%). Entre os cat\u00f3licos, a vantagem do petista \u00e9 ainda maior (52% a 20%).<\/p>\n<p>O levantamento do Ipec (Intelig\u00eancia em Pesquisa e Consultoria, novo instituto de pesquisas da estat\u00edstica M\u00e1rcia Cavallari, ex-Ibope) mostrou Lula na lideran\u00e7a da corrida presidencial, com 49% das inten\u00e7\u00f5es de voto.<\/p>\n<p>O ex-presidente, segundo o instituto, tem mais que o dobro da taxa de Bolsonaro (23%). Com esse desempenho, e se as elei\u00e7\u00f5es fossem hoje, o petista venceria no primeiro turno.<\/p>\n<p>A pesquisa mostrou ainda Ciro Gomes, do PDT, com 7%, Jo\u00e3o Doria, do PSDB, com 5%, e Luiz Henrique Mandetta, do DEM, com 3%.<\/p>\n<p>O Ipec entrevistou, presencialmente, 2.002 eleitores em 141 munic\u00edpios brasileiros. A pesquisa foi realizada entre os dias 17 e 21 de junho de 2021. A margem de erro estimada \u00e9 de 2 pontos porcentuais para mais ou para menos sobre os resultados encontrados no total da amostra.<\/p>\n<p>&nbsp;<\/p>\n<p><strong>por Daniel Bramatti e Caio Sartori\/Terra<\/strong><\/p>\n<p>&nbsp;<\/p>\n","protected":false},"excerpt":{"rendered":"<p>Os eleitores evang\u00e9licos, que na elei\u00e7\u00e3o presidencial de 2018 estavam entre os mais fi\u00e9is ao ent\u00e3o candidato Jair Bolsonaro, j\u00e1 n\u00e3o o apoiam majoritariamente. A pesquisa divulgada nesta quinta-feira, 24 de junho, pelo instituto Ipec mostra que, no eleitorado evang\u00e9lico, quem lidera a corrida pelo Pal\u00e1cio do Planalto em 2022 \u00e9 o ex-presidente Luiz In\u00e1cio &hellip;<\/p>\n","protected":false},"author":1,"featured_media":16908,"comment_status":"closed","ping_status":"closed","sticky":false,"template":"","format":"standard","meta":{"_jetpack_newsletter_access":"","_jetpack_dont_email_post_to_subs":false,"_jetpack_newsletter_tier_id":0,"_jetpack_memberships_contains_paywalled_content":false,"_jetpack_memberships_contains_paid_content":false,"footnotes":""},"categories":[1],"tags":[],"class_list":["post-16907","post","type-post","status-publish","format-standard","has-post-thumbnail","hentry","category-destaque"],"jetpack_sharing_enabled":true,"jetpack_featured_media_url":"","_links":{"self":[{"href":"https:\/\/www.oparanews.com.br\/index.php\/wp-json\/wp\/v2\/posts\/16907","targetHints":{"allow":["GET"]}}],"collection":[{"href":"https:\/\/www.oparanews.com.br\/index.php\/wp-json\/wp\/v2\/posts"}],"about":[{"href":"https:\/\/www.oparanews.com.br\/index.php\/wp-json\/wp\/v2\/types\/post"}],"author":[{"embeddable":true,"href":"https:\/\/www.oparanews.com.br\/index.php\/wp-json\/wp\/v2\/users\/1"}],"replies":[{"embeddable":true,"href":"https:\/\/www.oparanews.com.br\/index.php\/wp-json\/wp\/v2\/comments?post=16907"}],"version-history":[{"count":0,"href":"https:\/\/www.oparanews.com.br\/index.php\/wp-json\/wp\/v2\/posts\/16907\/revisions"}],"wp:attachment":[{"href":"https:\/\/www.oparanews.com.br\/index.php\/wp-json\/wp\/v2\/media?parent=16907"}],"wp:term":[{"taxonomy":"category","embeddable":true,"href":"https:\/\/www.oparanews.com.br\/index.php\/wp-json\/wp\/v2\/categories?post=16907"},{"taxonomy":"post_tag","embeddable":true,"href":"https:\/\/www.oparanews.com.br\/index.php\/wp-json\/wp\/v2\/tags?post=16907"}],"curies":[{"name":"wp","href":"https:\/\/api.w.org\/{rel}","templated":true}]}}