{"id":16916,"date":"2021-06-26T00:02:05","date_gmt":"2021-06-26T00:02:05","guid":{"rendered":"https:\/\/oparanews.com.br\/?p=16916"},"modified":"2021-06-26T00:02:05","modified_gmt":"2021-06-26T00:02:05","slug":"alagoas-confirma-mais-400-casos-e-21-mortes-por-covid","status":"publish","type":"post","link":"https:\/\/www.oparanews.com.br\/index.php\/2021\/06\/26\/alagoas-confirma-mais-400-casos-e-21-mortes-por-covid\/","title":{"rendered":"Alagoas confirma mais 400 casos e 21 mortes por Covid"},"content":{"rendered":"<p>Mais 400 casos confirmados e 21 mortes por Covid-19 foram registrados em Alagoas, segundo o boletim epidemiol\u00f3gico da Secretaria de Estado da Sa\u00fade (Sesau) desta sexta-feira (19).<\/p>\n<p>O interior concentrou a maioria das mortes registradas nas \u00faltimas 24 horas, 17 no total.<\/p>\n<p>Nove v\u00edtimas n\u00e3o tinham comorbidades: elas tinham 40, 46, 47, 51, 57, 58, 59, 65 e 80 anos.<\/p>\n<p>Alagoas registrou 212.871 casos confirmados e 5.239 mortes por Covid desde o come\u00e7o da pandemia; 203.257 pacientes est\u00e3o recuperados e 3.668 ainda est\u00e3o em tratamento, em isolamento domiciliar.<\/p>\n<p>Em 24 horas, mais 212 casos suspeitos foram registrados, o que fez o total chegar a 13.389.<\/p>\n<p><strong>Mais 21 mortes por Covid<\/strong><\/p>\n<p>Macei\u00f3: Homem, 40 anos &#8211; sem comorbidades<br \/>\nMacei\u00f3: Homem, 74 anos &#8211; Doen\u00e7a Pulmonar Obstrutiva Cr\u00f4nica (DPOC)<br \/>\nMacei\u00f3: Homem, 76 anos &#8211; hipertenso, diab\u00e9tico e tinha sequelas de um Acidente Vascular Cerebral (AVC)<br \/>\nMacei\u00f3: Mulher, 80 anos &#8211; artrite e depress\u00e3o<br \/>\nArapiraca: Homem, 52 anos &#8211; hipertenso<br \/>\nArapiraca: Homem, 55 anos &#8211; diab\u00e9tico e hipertenso<br \/>\nArapiraca: Homem, 65 anos &#8211; sequelas de um Acidente Vascular Cerebral (AVC)<br \/>\nArapiraca: Homem, 46 anos &#8211; sem comorbidades<br \/>\nMarechal Deodoro: Homem, 47 anos &#8211; sem comorbidades<br \/>\nMarechal Deodoro: Mulher, 39 anos &#8211; asm\u00e1tica, obesa e hipertensa<br \/>\nPalmeira dos \u00cdndios: Homem, 57 anos &#8211; sem comorbidades<br \/>\nPalmeira dos \u00cdndios: Homem, 58 anos &#8211; sem comorbidades<br \/>\nUni\u00e3o dos Palmares: Mulher, 62 anos &#8211; diab\u00e9tica<br \/>\nUni\u00e3o dos Palmares: Mulher, 85 anos &#8211; doen\u00e7a respirat\u00f3ria cr\u00f4nica, doen\u00e7a card\u00edaca cr\u00f4nica e diabetes<br \/>\nMatriz do Camaragibe: Homem, 51 anos &#8211; sem comorbidades<br \/>\nSantana do Ipanema: Homem, 59 anos &#8211; sem comorbidades<br \/>\nCra\u00edbas: Homem, 65 anos &#8211; sem comorbidades<br \/>\nBoca da Mata: Homem, 79 anos &#8211; hipertenso<br \/>\nPenedo: Homem, 94 anos &#8211; hipertenso e diab\u00e9tico<br \/>\nCampo Alegre: Mulher, 80 anos &#8211; sem comorbidades<br \/>\nTaquarana: Mulher, 87 anos &#8211; hipertensa<\/p>\n<p>&nbsp;<\/p>\n<p><strong>Fonte: G1\/AL<\/strong><\/p>\n<p>&nbsp;<\/p>\n","protected":false},"excerpt":{"rendered":"<p>Mais 400 casos confirmados e 21 mortes por Covid-19 foram registrados em Alagoas, segundo o boletim epidemiol\u00f3gico da Secretaria de Estado da Sa\u00fade (Sesau) desta sexta-feira (19). O interior concentrou a maioria das mortes registradas nas \u00faltimas 24 horas, 17 no total. Nove v\u00edtimas n\u00e3o tinham comorbidades: elas tinham 40, 46, 47, 51, 57, 58, &hellip;<\/p>\n","protected":false},"author":1,"featured_media":15525,"comment_status":"closed","ping_status":"closed","sticky":false,"template":"","format":"standard","meta":{"_jetpack_newsletter_access":"","_jetpack_dont_email_post_to_subs":false,"_jetpack_newsletter_tier_id":0,"_jetpack_memberships_contains_paywalled_content":false,"_jetpack_memberships_contains_paid_content":false,"footnotes":""},"categories":[1],"tags":[],"class_list":["post-16916","post","type-post","status-publish","format-standard","has-post-thumbnail","hentry","category-destaque"],"jetpack_sharing_enabled":true,"jetpack_featured_media_url":"","_links":{"self":[{"href":"https:\/\/www.oparanews.com.br\/index.php\/wp-json\/wp\/v2\/posts\/16916","targetHints":{"allow":["GET"]}}],"collection":[{"href":"https:\/\/www.oparanews.com.br\/index.php\/wp-json\/wp\/v2\/posts"}],"about":[{"href":"https:\/\/www.oparanews.com.br\/index.php\/wp-json\/wp\/v2\/types\/post"}],"author":[{"embeddable":true,"href":"https:\/\/www.oparanews.com.br\/index.php\/wp-json\/wp\/v2\/users\/1"}],"replies":[{"embeddable":true,"href":"https:\/\/www.oparanews.com.br\/index.php\/wp-json\/wp\/v2\/comments?post=16916"}],"version-history":[{"count":0,"href":"https:\/\/www.oparanews.com.br\/index.php\/wp-json\/wp\/v2\/posts\/16916\/revisions"}],"wp:attachment":[{"href":"https:\/\/www.oparanews.com.br\/index.php\/wp-json\/wp\/v2\/media?parent=16916"}],"wp:term":[{"taxonomy":"category","embeddable":true,"href":"https:\/\/www.oparanews.com.br\/index.php\/wp-json\/wp\/v2\/categories?post=16916"},{"taxonomy":"post_tag","embeddable":true,"href":"https:\/\/www.oparanews.com.br\/index.php\/wp-json\/wp\/v2\/tags?post=16916"}],"curies":[{"name":"wp","href":"https:\/\/api.w.org\/{rel}","templated":true}]}}