{"id":16918,"date":"2021-06-26T00:10:49","date_gmt":"2021-06-26T00:10:49","guid":{"rendered":"https:\/\/oparanews.com.br\/?p=16918"},"modified":"2021-06-26T00:10:49","modified_gmt":"2021-06-26T00:10:49","slug":"casos-de-variantes-do-coronavirus-em-alagoas-crescem-27-em-uma-semana","status":"publish","type":"post","link":"https:\/\/www.oparanews.com.br\/index.php\/2021\/06\/26\/casos-de-variantes-do-coronavirus-em-alagoas-crescem-27-em-uma-semana\/","title":{"rendered":"Casos de variantes do coronav\u00edrus em Alagoas crescem 27% em uma semana"},"content":{"rendered":"<p>Os casos de variantes do coronav\u00edrus identificados em amostras de pacientes de Alagoas com Covid aumentaram 27% em apenas uma semana, passando de 96 para 122. O Minist\u00e9rio da Sa\u00fade divulgou o novo balan\u00e7o nesta sexta-feira (25).<\/p>\n<p>A variante Gamma, inicialmente detectada em Manaus, no Brasil, continua dominante em Alagoas: 121 casos s\u00e3o da Gamma. Somente um caso \u00e9 da variante Alpha (Reino Unido).<\/p>\n<p>Confira a evolu\u00e7\u00e3o das variantes em Alagoas<\/p>\n<p>18 de fevereiro: dois primeiros casos de variantes em Alagoas<br \/>\nAt\u00e9 27 de mar\u00e7o: 23 casos de variantes<br \/>\nAt\u00e9 21 de maio: 46 casos de variantes<br \/>\nAt\u00e9 12 de junho: 96 casos de variantes<br \/>\nAt\u00e9 19 de junho: 122 casos de variantes<\/p>\n<p>&#8216;Mais transmiss\u00e3o, mais variantes&#8217;, diz OMS<\/p>\n<p>A melhor maneira de prevenir a evolu\u00e7\u00e3o de novas variantes do coronav\u00edrus \u00e9 diminuindo sua transmiss\u00e3o, disse o diretor-geral da Organiza\u00e7\u00e3o Mundial da Sa\u00fade (OMS), Tedros Adhanom Ghebreyesus nesta sexta-feira.<\/p>\n<p>&nbsp;<\/p>\n<p><strong>Fonte: G1\/AL<\/strong><\/p>\n<p>&nbsp;<\/p>\n","protected":false},"excerpt":{"rendered":"<p>Os casos de variantes do coronav\u00edrus identificados em amostras de pacientes de Alagoas com Covid aumentaram 27% em apenas uma semana, passando de 96 para 122. O Minist\u00e9rio da Sa\u00fade divulgou o novo balan\u00e7o nesta sexta-feira (25). A variante Gamma, inicialmente detectada em Manaus, no Brasil, continua dominante em Alagoas: 121 casos s\u00e3o da Gamma. &hellip;<\/p>\n","protected":false},"author":1,"featured_media":12774,"comment_status":"closed","ping_status":"closed","sticky":false,"template":"","format":"standard","meta":{"_jetpack_newsletter_access":"","_jetpack_dont_email_post_to_subs":false,"_jetpack_newsletter_tier_id":0,"_jetpack_memberships_contains_paywalled_content":false,"_jetpack_memberships_contains_paid_content":false,"footnotes":""},"categories":[1],"tags":[],"class_list":["post-16918","post","type-post","status-publish","format-standard","has-post-thumbnail","hentry","category-destaque"],"jetpack_sharing_enabled":true,"jetpack_featured_media_url":"","_links":{"self":[{"href":"https:\/\/www.oparanews.com.br\/index.php\/wp-json\/wp\/v2\/posts\/16918","targetHints":{"allow":["GET"]}}],"collection":[{"href":"https:\/\/www.oparanews.com.br\/index.php\/wp-json\/wp\/v2\/posts"}],"about":[{"href":"https:\/\/www.oparanews.com.br\/index.php\/wp-json\/wp\/v2\/types\/post"}],"author":[{"embeddable":true,"href":"https:\/\/www.oparanews.com.br\/index.php\/wp-json\/wp\/v2\/users\/1"}],"replies":[{"embeddable":true,"href":"https:\/\/www.oparanews.com.br\/index.php\/wp-json\/wp\/v2\/comments?post=16918"}],"version-history":[{"count":0,"href":"https:\/\/www.oparanews.com.br\/index.php\/wp-json\/wp\/v2\/posts\/16918\/revisions"}],"wp:attachment":[{"href":"https:\/\/www.oparanews.com.br\/index.php\/wp-json\/wp\/v2\/media?parent=16918"}],"wp:term":[{"taxonomy":"category","embeddable":true,"href":"https:\/\/www.oparanews.com.br\/index.php\/wp-json\/wp\/v2\/categories?post=16918"},{"taxonomy":"post_tag","embeddable":true,"href":"https:\/\/www.oparanews.com.br\/index.php\/wp-json\/wp\/v2\/tags?post=16918"}],"curies":[{"name":"wp","href":"https:\/\/api.w.org\/{rel}","templated":true}]}}