{"id":16926,"date":"2021-06-26T00:28:20","date_gmt":"2021-06-26T00:28:20","guid":{"rendered":"https:\/\/oparanews.com.br\/?p=16926"},"modified":"2021-06-26T00:28:20","modified_gmt":"2021-06-26T00:28:20","slug":"biro-biro-e-regularizado-e-podera-estrear-pelo-asa","status":"publish","type":"post","link":"https:\/\/www.oparanews.com.br\/index.php\/2021\/06\/26\/biro-biro-e-regularizado-e-podera-estrear-pelo-asa\/","title":{"rendered":"Biro-Biro \u00e9 regularizado e poder\u00e1 estrear pelo ASA"},"content":{"rendered":"<p>Ap\u00f3s passar por uma forte crise de Covid-19 em seu elenco, finalmente o ASA parece voltar aos trilhos. Nesta sexta-feira (25) mais um nome foi regularizado para poder ajudar o Gigante no sonho do acesso \u00e0 S\u00e9rie C. Trata-se do atacante Biro-Biro, de 28 anos, que havia sido anunciado pela diretoria alvinegra no \u00faltimo domingo (20).<\/p>\n<p>O jogador vem para a disputa do Campeonato Brasileiro da S\u00e9rie D depois de jogar o Campeonato Paraibano com a camisa do S\u00e3o Paulo Crystal, que terminou o Estadual na quarta posi\u00e7\u00e3o. Al\u00e9m disso, j\u00e1 atuou com camisas tradicionais do futebol brasileiro, como no Comercial de Ribeir\u00e3o Preto, Icasa e Botafogo da Para\u00edba.<\/p>\n<p>Biro-Biro \u00e9 paraibano de Cruz do Esp\u00edrito Santo, e na temporada de 2021 marcou um gol em oito partidas. O atleta chegou ao ASA por empr\u00e9stimo da equipe paraibana. Como atua pelas pontas, Biro-Biro dever\u00e1 ter as concorr\u00eancias de Gabriel, Fernandinho e Adailson, por\u00e9m, os tr\u00eas jogadores n\u00e3o t\u00eam sido unanimidade no time titular.<\/p>\n<p>Agora, Biro-Biro vive a expectativa de estrear com a camisa alvinegra e isso pode acontecer no pr\u00f3ximo domingo (27), quando o ASA enfrenta o Itabaiana no Est\u00e1dio Municipal Coaracy da Mata Fonseca. A partida \u00e9 v\u00e1lida pela 4\u00aa rodada da S\u00e9rie D.<\/p>\n<p>&nbsp;<\/p>\n<p><strong>por Guilherme Magalh\u00e3es\/Gazetaweb<\/strong><\/p>\n<p>&nbsp;<\/p>\n","protected":false},"excerpt":{"rendered":"<p>Ap\u00f3s passar por uma forte crise de Covid-19 em seu elenco, finalmente o ASA parece voltar aos trilhos. Nesta sexta-feira (25) mais um nome foi regularizado para poder ajudar o Gigante no sonho do acesso \u00e0 S\u00e9rie C. Trata-se do atacante Biro-Biro, de 28 anos, que havia sido anunciado pela diretoria alvinegra no \u00faltimo domingo &hellip;<\/p>\n","protected":false},"author":1,"featured_media":16927,"comment_status":"closed","ping_status":"closed","sticky":false,"template":"","format":"standard","meta":{"_jetpack_newsletter_access":"","_jetpack_dont_email_post_to_subs":false,"_jetpack_newsletter_tier_id":0,"_jetpack_memberships_contains_paywalled_content":false,"_jetpack_memberships_contains_paid_content":false,"footnotes":""},"categories":[1],"tags":[],"class_list":["post-16926","post","type-post","status-publish","format-standard","has-post-thumbnail","hentry","category-destaque"],"jetpack_sharing_enabled":true,"jetpack_featured_media_url":"","_links":{"self":[{"href":"https:\/\/www.oparanews.com.br\/index.php\/wp-json\/wp\/v2\/posts\/16926","targetHints":{"allow":["GET"]}}],"collection":[{"href":"https:\/\/www.oparanews.com.br\/index.php\/wp-json\/wp\/v2\/posts"}],"about":[{"href":"https:\/\/www.oparanews.com.br\/index.php\/wp-json\/wp\/v2\/types\/post"}],"author":[{"embeddable":true,"href":"https:\/\/www.oparanews.com.br\/index.php\/wp-json\/wp\/v2\/users\/1"}],"replies":[{"embeddable":true,"href":"https:\/\/www.oparanews.com.br\/index.php\/wp-json\/wp\/v2\/comments?post=16926"}],"version-history":[{"count":0,"href":"https:\/\/www.oparanews.com.br\/index.php\/wp-json\/wp\/v2\/posts\/16926\/revisions"}],"wp:attachment":[{"href":"https:\/\/www.oparanews.com.br\/index.php\/wp-json\/wp\/v2\/media?parent=16926"}],"wp:term":[{"taxonomy":"category","embeddable":true,"href":"https:\/\/www.oparanews.com.br\/index.php\/wp-json\/wp\/v2\/categories?post=16926"},{"taxonomy":"post_tag","embeddable":true,"href":"https:\/\/www.oparanews.com.br\/index.php\/wp-json\/wp\/v2\/tags?post=16926"}],"curies":[{"name":"wp","href":"https:\/\/api.w.org\/{rel}","templated":true}]}}