{"id":16932,"date":"2021-06-26T21:36:15","date_gmt":"2021-06-26T21:36:15","guid":{"rendered":"https:\/\/oparanews.com.br\/?p=16932"},"modified":"2021-06-26T21:36:15","modified_gmt":"2021-06-26T21:36:15","slug":"penedo-se-aproxima-de-4-mil-pessoas-recuperadas-da-covid-19","status":"publish","type":"post","link":"https:\/\/www.oparanews.com.br\/index.php\/2021\/06\/26\/penedo-se-aproxima-de-4-mil-pessoas-recuperadas-da-covid-19\/","title":{"rendered":"Penedo se aproxima de 4 mil pessoas recuperadas da Covid-19"},"content":{"rendered":"<p>A Secretaria Municipal de Sa\u00fade de Penedo divulgou o Boletim Epidemiol\u00f3gico sobre a pandemia da Covid-19 desta sexta-feira (25).<\/p>\n<p>Os dados mais recente mostram 4.439 casos confirmados da doen\u00e7a.<\/p>\n<p>Desse total, 3.945 pessoas j\u00e1 se recuperaram ap\u00f3s passarem pelos cuidados m\u00e9dicos. Al\u00e9m de 4.358 casos foram descartados.<\/p>\n<p>Os n\u00fameros desta sexta-feira (25), tamb\u00e9m mostram que a Unidade de Refer\u00eancia em S\u00edndromes Gripais atendeu 69 pessoas, com 190 pessoas sendo monitoradas e 264 casos que aguardam resultados de exames.<\/p>\n<p>Foram coletados 18 exames para diagn\u00f3stico de Covid-19<\/p>\n<p>Al\u00e9m disso, 70 pessoas morreram em decorr\u00eancia da pandemia no novo corona v\u00edrus em Penedo, com mais um \u00f3bito confirmado pela Sesau- Secretaria Estadual de Sa\u00fade.<\/p>\n<p>A v\u00edtima residia no Centro da cidade, era homem de 94 anos, hipertenso e diab\u00e9tico.<\/p>\n<p>A Prefeitura de Penedo informa tamb\u00e9m que a Unidade de S\u00edndromes Gripais localizada na Avenida Wanderlei, nas proximidades do trevo da \u201cToca do \u00cdndio\u201d, est\u00e1 funcionando de segunda a s\u00e1bado, das 7h \u00e0s 17h.<\/p>\n<p>A popula\u00e7\u00e3o deve observar o distanciamento social como medida preventiva, da mesma forma que o uso de m\u00e1scaras e a ado\u00e7\u00e3o de medidas de higiene, a exemplo de lavar corretamente as m\u00e3os e utilizar \u00e1lcool 70%.<\/p>\n<p><strong>Vacin\u00f4metro<\/strong><\/p>\n<p>O total de pessoas imunizadas contra o coronav\u00edrus em Penedo at\u00e9 hoje \u00e9 de 21.636 sendo que 6.674 j\u00e1 receberam a segunda dose da vacina.<\/p>\n<p>&nbsp;<\/p>\n<p><strong>Fonte: Decom &#8211; PMP<\/strong><\/p>\n<p>&nbsp;<\/p>\n","protected":false},"excerpt":{"rendered":"<p>A Secretaria Municipal de Sa\u00fade de Penedo divulgou o Boletim Epidemiol\u00f3gico sobre a pandemia da Covid-19 desta sexta-feira (25). Os dados mais recente mostram 4.439 casos confirmados da doen\u00e7a. Desse total, 3.945 pessoas j\u00e1 se recuperaram ap\u00f3s passarem pelos cuidados m\u00e9dicos. Al\u00e9m de 4.358 casos foram descartados. Os n\u00fameros desta sexta-feira (25), tamb\u00e9m mostram que &hellip;<\/p>\n","protected":false},"author":1,"featured_media":16933,"comment_status":"closed","ping_status":"closed","sticky":false,"template":"","format":"standard","meta":{"_jetpack_newsletter_access":"","_jetpack_dont_email_post_to_subs":false,"_jetpack_newsletter_tier_id":0,"_jetpack_memberships_contains_paywalled_content":false,"_jetpack_memberships_contains_paid_content":false,"footnotes":""},"categories":[1],"tags":[],"class_list":["post-16932","post","type-post","status-publish","format-standard","has-post-thumbnail","hentry","category-destaque"],"jetpack_sharing_enabled":true,"jetpack_featured_media_url":"","_links":{"self":[{"href":"https:\/\/www.oparanews.com.br\/index.php\/wp-json\/wp\/v2\/posts\/16932","targetHints":{"allow":["GET"]}}],"collection":[{"href":"https:\/\/www.oparanews.com.br\/index.php\/wp-json\/wp\/v2\/posts"}],"about":[{"href":"https:\/\/www.oparanews.com.br\/index.php\/wp-json\/wp\/v2\/types\/post"}],"author":[{"embeddable":true,"href":"https:\/\/www.oparanews.com.br\/index.php\/wp-json\/wp\/v2\/users\/1"}],"replies":[{"embeddable":true,"href":"https:\/\/www.oparanews.com.br\/index.php\/wp-json\/wp\/v2\/comments?post=16932"}],"version-history":[{"count":0,"href":"https:\/\/www.oparanews.com.br\/index.php\/wp-json\/wp\/v2\/posts\/16932\/revisions"}],"wp:attachment":[{"href":"https:\/\/www.oparanews.com.br\/index.php\/wp-json\/wp\/v2\/media?parent=16932"}],"wp:term":[{"taxonomy":"category","embeddable":true,"href":"https:\/\/www.oparanews.com.br\/index.php\/wp-json\/wp\/v2\/categories?post=16932"},{"taxonomy":"post_tag","embeddable":true,"href":"https:\/\/www.oparanews.com.br\/index.php\/wp-json\/wp\/v2\/tags?post=16932"}],"curies":[{"name":"wp","href":"https:\/\/api.w.org\/{rel}","templated":true}]}}