{"id":16938,"date":"2021-06-26T23:39:06","date_gmt":"2021-06-26T23:39:06","guid":{"rendered":"https:\/\/oparanews.com.br\/?p=16938"},"modified":"2021-06-26T23:39:06","modified_gmt":"2021-06-26T23:39:06","slug":"caboclo-pede-anulacao-de-afastamento-e-exige-retorno","status":"publish","type":"post","link":"https:\/\/www.oparanews.com.br\/index.php\/2021\/06\/26\/caboclo-pede-anulacao-de-afastamento-e-exige-retorno\/","title":{"rendered":"Caboclo pede anula\u00e7\u00e3o de afastamento e exige retorno"},"content":{"rendered":"<p>A situa\u00e7\u00e3o em torno de Rog\u00e9rio Caboclo teve novos desdobramentos. De acordo com a &#8220;Folha de S. Paulo&#8221;, o presidente afastado da CBF enviou uma peti\u00e7\u00e3o \u00e0 Comiss\u00e3o de \u00c9tica da entidade na qual solicita a anula\u00e7\u00e3o de sua suspens\u00e3o e tamb\u00e9m que ele seja reconduzido ao cargo.<\/p>\n<p>Seu afastamento por 30 dias aconteceu no dia 6 de junho, motivada por den\u00fancias de ass\u00e9dio moral e sexual conta uma funcion\u00e1ria da CBF. No pedido, que foi enviado na \u00faltima sexta-feira, Caboclo alega que n\u00e3o h\u00e1 previs\u00e3o legal no estatuto nem no c\u00f3digo de \u00e9tica para sua suspens\u00e3o.<\/p>\n<p>Seus advogados compararam estatutos da Fifa e da Conmebol que preveem explicitamente suspens\u00e3o para envolvidos em processos \u00e9tico-disciplinares. Enquanto isto, os regulamentos da CBF s\u00e3o omissos. Os dispositivos do estatuto citados na decis\u00e3o n\u00e3o se refeririam a prerrogativas da comiss\u00e3o de \u00e9tica, mas de outras inst\u00e2ncias da entidade m\u00e1xima do futebol nacional.<\/p>\n<p>Advogados do cartola consideram seu afastamento necess\u00e1rio uma vez que a &#8220;denunciante j\u00e1 apresentou provas e prestou depoimento, tendo sido tamb\u00e9m realizada a oitiva de diversas testemunhas&#8221;. Rog\u00e9rio Caboclo se tornou na \u00faltima ter\u00e7a-feira alvo de processo por ass\u00e9dio moral de um diretor da CBF.<\/p>\n<p>&nbsp;<\/p>\n<p><strong>Fonte: Lance<\/strong><\/p>\n<p>&nbsp;<\/p>\n","protected":false},"excerpt":{"rendered":"<p>A situa\u00e7\u00e3o em torno de Rog\u00e9rio Caboclo teve novos desdobramentos. De acordo com a &#8220;Folha de S. Paulo&#8221;, o presidente afastado da CBF enviou uma peti\u00e7\u00e3o \u00e0 Comiss\u00e3o de \u00c9tica da entidade na qual solicita a anula\u00e7\u00e3o de sua suspens\u00e3o e tamb\u00e9m que ele seja reconduzido ao cargo. Seu afastamento por 30 dias aconteceu no &hellip;<\/p>\n","protected":false},"author":1,"featured_media":16939,"comment_status":"closed","ping_status":"closed","sticky":false,"template":"","format":"standard","meta":{"_jetpack_newsletter_access":"","_jetpack_dont_email_post_to_subs":false,"_jetpack_newsletter_tier_id":0,"_jetpack_memberships_contains_paywalled_content":false,"_jetpack_memberships_contains_paid_content":false,"footnotes":""},"categories":[1],"tags":[],"class_list":["post-16938","post","type-post","status-publish","format-standard","has-post-thumbnail","hentry","category-destaque"],"jetpack_sharing_enabled":true,"jetpack_featured_media_url":"","_links":{"self":[{"href":"https:\/\/www.oparanews.com.br\/index.php\/wp-json\/wp\/v2\/posts\/16938","targetHints":{"allow":["GET"]}}],"collection":[{"href":"https:\/\/www.oparanews.com.br\/index.php\/wp-json\/wp\/v2\/posts"}],"about":[{"href":"https:\/\/www.oparanews.com.br\/index.php\/wp-json\/wp\/v2\/types\/post"}],"author":[{"embeddable":true,"href":"https:\/\/www.oparanews.com.br\/index.php\/wp-json\/wp\/v2\/users\/1"}],"replies":[{"embeddable":true,"href":"https:\/\/www.oparanews.com.br\/index.php\/wp-json\/wp\/v2\/comments?post=16938"}],"version-history":[{"count":0,"href":"https:\/\/www.oparanews.com.br\/index.php\/wp-json\/wp\/v2\/posts\/16938\/revisions"}],"wp:attachment":[{"href":"https:\/\/www.oparanews.com.br\/index.php\/wp-json\/wp\/v2\/media?parent=16938"}],"wp:term":[{"taxonomy":"category","embeddable":true,"href":"https:\/\/www.oparanews.com.br\/index.php\/wp-json\/wp\/v2\/categories?post=16938"},{"taxonomy":"post_tag","embeddable":true,"href":"https:\/\/www.oparanews.com.br\/index.php\/wp-json\/wp\/v2\/tags?post=16938"}],"curies":[{"name":"wp","href":"https:\/\/api.w.org\/{rel}","templated":true}]}}