{"id":16944,"date":"2021-06-27T00:19:23","date_gmt":"2021-06-27T00:19:23","guid":{"rendered":"https:\/\/oparanews.com.br\/?p=16944"},"modified":"2021-06-27T00:19:23","modified_gmt":"2021-06-27T00:19:23","slug":"velozes-e-furiosos-9-bate-recorde-de-estreia-da-pandemia-nos-eua","status":"publish","type":"post","link":"https:\/\/www.oparanews.com.br\/index.php\/2021\/06\/27\/velozes-e-furiosos-9-bate-recorde-de-estreia-da-pandemia-nos-eua\/","title":{"rendered":"&#8220;Velozes e Furiosos 9&#8221; bate recorde de estreia da pandemia nos EUA"},"content":{"rendered":"<p>&#8220;Velozes e Furiosos 9&#8221; estreou na sexta-feira (25\/6) nos EUA com a maior bilheteria de primeiro dia de exibi\u00e7\u00e3o desde o come\u00e7o da pandemia de covid-19, em mar\u00e7o do ano passado. A produ\u00e7\u00e3o da Universal Pictures faturou US$ 30 milh\u00f5es em suas primeiras 24 horas no mercado dom\u00e9stico.<\/p>\n<p>O valor \u00e9 surpreendente, porque supera a arrecada\u00e7\u00e3o dos \u00faltimos t\u00edtulos com lan\u00e7amento &#8220;normal&#8221;, antes da pandemia na Am\u00e9rica do Norte, como &#8220;Bad Boys Para Sempre&#8221; (US$ 23,6 milh\u00f5es no primeiro dia) e at\u00e9 mesmo seu pr\u00f3prio spin-off, &#8220;Velozes e Furiosos: Hobbs &amp; Shaw&#8221; (os mesmos US$ 23,6 milh\u00f5es de abertura).<\/p>\n<p>O simples fato de que &#8220;Velozes e Furiosos 9&#8221; est\u00e1 vendendo mais ingressos que &#8220;Hobbs &amp; Shaw&#8221; \u00e9 impressionante o suficiente.<\/p>\n<p>Um dos motivos desse sucesso se deve ao fato de o lan\u00e7amento do filme estar ocupando 79% dos 5,88 mil cinemas abertos nos EUA.<\/p>\n<p>A cr\u00edtica, por\u00e9m, ficou menos empolgado que o mercado, registrando apenas 60% de aprova\u00e7\u00e3o na m\u00e9dia do Rotten Tomatoes, a nota mais baixa desde o quarto filme, de 2009. A verdade \u00e9 que at\u00e9 o p\u00fablico achou que podia haver menos exageros, dando nota B+ no CinemaScore, inferior aos filmes mais recentes da franquia &#8211; &#8220;Velozes Furiosos 8&#8221; (A) de 2017 e &#8220;Hobbs &amp; Shaw&#8221; (A-) de 2019.<\/p>\n<p>A expectativa \u00e9 que filmes mais esperados tenham desempenho ainda melhor, especialmente &#8220;Vi\u00fava Negra&#8221;, primeiro longa da Marvel desde &#8220;Homem-Aranha: Longe de Casa&#8221;, previsto para 9 de julho, e &#8220;O Esquadr\u00e3o Suicida&#8221;, reinven\u00e7\u00e3o dos quadrinhos da DC Comics, marcado para 6 de agosto.<\/p>\n<p>O detalhe \u00e9 que, ao contr\u00e1rio de &#8220;Velozes e Furiosos 9&#8221;, as duas adapta\u00e7\u00f5es de quadrinhos dividir\u00e3o o p\u00fablico do cinema com os assinantes de streaming, recebendo estreias simult\u00e2neas, respectivamente, na Disney+ (por um custo extra em todo o mundo) e HBO Max (sem custos extras, mas apenas nos EUA).<\/p>\n<p>&nbsp;<\/p>\n<p><strong>Fonte: Pipoca Moderna<\/strong><\/p>\n<p>&nbsp;<\/p>\n","protected":false},"excerpt":{"rendered":"<p>&#8220;Velozes e Furiosos 9&#8221; estreou na sexta-feira (25\/6) nos EUA com a maior bilheteria de primeiro dia de exibi\u00e7\u00e3o desde o come\u00e7o da pandemia de covid-19, em mar\u00e7o do ano passado. A produ\u00e7\u00e3o da Universal Pictures faturou US$ 30 milh\u00f5es em suas primeiras 24 horas no mercado dom\u00e9stico. O valor \u00e9 surpreendente, porque supera a &hellip;<\/p>\n","protected":false},"author":1,"featured_media":16945,"comment_status":"closed","ping_status":"closed","sticky":false,"template":"","format":"standard","meta":{"_jetpack_newsletter_access":"","_jetpack_dont_email_post_to_subs":false,"_jetpack_newsletter_tier_id":0,"_jetpack_memberships_contains_paywalled_content":false,"_jetpack_memberships_contains_paid_content":false,"footnotes":""},"categories":[1],"tags":[],"class_list":["post-16944","post","type-post","status-publish","format-standard","has-post-thumbnail","hentry","category-destaque"],"jetpack_sharing_enabled":true,"jetpack_featured_media_url":"","_links":{"self":[{"href":"https:\/\/www.oparanews.com.br\/index.php\/wp-json\/wp\/v2\/posts\/16944","targetHints":{"allow":["GET"]}}],"collection":[{"href":"https:\/\/www.oparanews.com.br\/index.php\/wp-json\/wp\/v2\/posts"}],"about":[{"href":"https:\/\/www.oparanews.com.br\/index.php\/wp-json\/wp\/v2\/types\/post"}],"author":[{"embeddable":true,"href":"https:\/\/www.oparanews.com.br\/index.php\/wp-json\/wp\/v2\/users\/1"}],"replies":[{"embeddable":true,"href":"https:\/\/www.oparanews.com.br\/index.php\/wp-json\/wp\/v2\/comments?post=16944"}],"version-history":[{"count":0,"href":"https:\/\/www.oparanews.com.br\/index.php\/wp-json\/wp\/v2\/posts\/16944\/revisions"}],"wp:attachment":[{"href":"https:\/\/www.oparanews.com.br\/index.php\/wp-json\/wp\/v2\/media?parent=16944"}],"wp:term":[{"taxonomy":"category","embeddable":true,"href":"https:\/\/www.oparanews.com.br\/index.php\/wp-json\/wp\/v2\/categories?post=16944"},{"taxonomy":"post_tag","embeddable":true,"href":"https:\/\/www.oparanews.com.br\/index.php\/wp-json\/wp\/v2\/tags?post=16944"}],"curies":[{"name":"wp","href":"https:\/\/api.w.org\/{rel}","templated":true}]}}