{"id":16947,"date":"2021-06-27T00:20:17","date_gmt":"2021-06-27T00:20:17","guid":{"rendered":"https:\/\/oparanews.com.br\/?p=16947"},"modified":"2021-06-27T00:20:17","modified_gmt":"2021-06-27T00:20:17","slug":"centro-de-triagem-para-covid-de-penedo-atendeu-cerca-de-22-mil-pessoas-em-um-ano","status":"publish","type":"post","link":"https:\/\/www.oparanews.com.br\/index.php\/2021\/06\/27\/centro-de-triagem-para-covid-de-penedo-atendeu-cerca-de-22-mil-pessoas-em-um-ano\/","title":{"rendered":"Centro de triagem para Covid de Penedo atendeu cerca de 22 mil pessoas em um ano"},"content":{"rendered":"<p>Um dos maiores investimentos da Prefeitura de Penedo para enfrentar o coronav\u00edrus completa um ano de funcionamento neste s\u00e1bado, 26 de junho.<\/p>\n<p>Neste per\u00edodo, a Unidade de Refer\u00eancia em S\u00edndromes Gripais atendeu 21.943 penedenses, n\u00famero que equivale a mais de um ter\u00e7o da popula\u00e7\u00e3o do munic\u00edpio que, segundo estimativa mais recente do IBGE, \u00e9 de 63.846 pessoas at\u00e9 2020.<\/p>\n<p>O centro de triagem para Covid \u00e9 mantido pela Prefeitura de Penedo na antiga Unidade SESI\/SENAI, exclusivamente para atender a popula\u00e7\u00e3o local.<\/p>\n<p>O setor de responsabilidade da Secretaria Municipal de Sa\u00fade (SEMS) foi aberto logo ap\u00f3s a retomada do transporte autorizado em Alagoas, medida que encerrou o controle municipal nas barreiras sanit\u00e1rias dos acessos principais \u00e0 cidade.<\/p>\n<p>Somente nos primeiros cinco dias de funcionamento, o centro de triagem para Covid em Penedo registrou 169 atendimentos. A iniciativa do governo Marcius Beltr\u00e3o\/Ronaldo Lopes mostrou sua validade logo no m\u00eas seguinte, quando julho fechou com impressionantes 3.215 atendimentos.<\/p>\n<p>O impacto da doen\u00e7a ainda sem vacina em meados do ano passado fez a popula\u00e7\u00e3o se cuidar. O reflexo veio na redu\u00e7\u00e3o dos casos de cont\u00e1gio e morte, a ponto da Unidade de Refer\u00eancia ser transferida, no final do ano, para o anexo do posto de sa\u00fade da Cohab, devido a queda na procura pelo servi\u00e7o.<\/p>\n<p>Com a segunda onda de Covid, j\u00e1 durante a gest\u00e3o Crescendo Com Seu Povo, a SEMS Penedo reativa o centro de triagem para Covid em seu local de origem.<\/p>\n<p>Em maio deste ano, a Unidade de Refer\u00eancia em S\u00edndromes Gripais registrou o seu recorde de atendimentos em um m\u00eas: 3.516. Junho ainda n\u00e3o terminou e o setor j\u00e1 ultrapassa tr\u00eas mil pessoas assistidas (3.020 at\u00e9 hoje).<\/p>\n<p>A popula\u00e7\u00e3o j\u00e1 disp\u00f5e de vacina, com mais de 35% do p\u00fablico-alvo da campanha imunizado com a primeira dose em Penedo, mas as medidas de preven\u00e7\u00e3o ainda precisam ser respeitadas para reduzir a dissemina\u00e7\u00e3o do coronav\u00edrus.<\/p>\n<p>&nbsp;<\/p>\n<p><strong>por Fernando Vin\u00edcius \u2013 Decom PMP<\/strong><\/p>\n<p>&nbsp;<\/p>\n","protected":false},"excerpt":{"rendered":"<p>Um dos maiores investimentos da Prefeitura de Penedo para enfrentar o coronav\u00edrus completa um ano de funcionamento neste s\u00e1bado, 26 de junho. Neste per\u00edodo, a Unidade de Refer\u00eancia em S\u00edndromes Gripais atendeu 21.943 penedenses, n\u00famero que equivale a mais de um ter\u00e7o da popula\u00e7\u00e3o do munic\u00edpio que, segundo estimativa mais recente do IBGE, \u00e9 de &hellip;<\/p>\n","protected":false},"author":1,"featured_media":16948,"comment_status":"closed","ping_status":"closed","sticky":false,"template":"","format":"standard","meta":{"_jetpack_newsletter_access":"","_jetpack_dont_email_post_to_subs":false,"_jetpack_newsletter_tier_id":0,"_jetpack_memberships_contains_paywalled_content":false,"_jetpack_memberships_contains_paid_content":false,"footnotes":""},"categories":[1],"tags":[],"class_list":["post-16947","post","type-post","status-publish","format-standard","has-post-thumbnail","hentry","category-destaque"],"jetpack_sharing_enabled":true,"jetpack_featured_media_url":"","_links":{"self":[{"href":"https:\/\/www.oparanews.com.br\/index.php\/wp-json\/wp\/v2\/posts\/16947","targetHints":{"allow":["GET"]}}],"collection":[{"href":"https:\/\/www.oparanews.com.br\/index.php\/wp-json\/wp\/v2\/posts"}],"about":[{"href":"https:\/\/www.oparanews.com.br\/index.php\/wp-json\/wp\/v2\/types\/post"}],"author":[{"embeddable":true,"href":"https:\/\/www.oparanews.com.br\/index.php\/wp-json\/wp\/v2\/users\/1"}],"replies":[{"embeddable":true,"href":"https:\/\/www.oparanews.com.br\/index.php\/wp-json\/wp\/v2\/comments?post=16947"}],"version-history":[{"count":0,"href":"https:\/\/www.oparanews.com.br\/index.php\/wp-json\/wp\/v2\/posts\/16947\/revisions"}],"wp:attachment":[{"href":"https:\/\/www.oparanews.com.br\/index.php\/wp-json\/wp\/v2\/media?parent=16947"}],"wp:term":[{"taxonomy":"category","embeddable":true,"href":"https:\/\/www.oparanews.com.br\/index.php\/wp-json\/wp\/v2\/categories?post=16947"},{"taxonomy":"post_tag","embeddable":true,"href":"https:\/\/www.oparanews.com.br\/index.php\/wp-json\/wp\/v2\/tags?post=16947"}],"curies":[{"name":"wp","href":"https:\/\/api.w.org\/{rel}","templated":true}]}}