{"id":16950,"date":"2021-06-27T23:10:22","date_gmt":"2021-06-27T23:10:22","guid":{"rendered":"https:\/\/oparanews.com.br\/?p=16950"},"modified":"2021-06-27T23:10:22","modified_gmt":"2021-06-27T23:10:22","slug":"segunda-noite-de-live-junina-arroche-o-no-e-fechada-com-sucesso","status":"publish","type":"post","link":"https:\/\/www.oparanews.com.br\/index.php\/2021\/06\/27\/segunda-noite-de-live-junina-arroche-o-no-e-fechada-com-sucesso\/","title":{"rendered":"Segunda noite de Live Junina Arroche o N\u00f3 \u00e9 fechada com sucesso"},"content":{"rendered":"<p>Na segunda noite do arrai\u00e1 virtual realizado pela Secretaria Municipal de Cultura, Lazer e Juventude (SEMCLJ) da Prefeitura de Penedo, ocorrida neste s\u00e1bado (26), teve muito forr\u00f3, quadrilhas juninas, xote e trio p\u00e9 de serra.<\/p>\n<p>Encerrando com sucesso o evento criado para animar os festejos juninos nas resid\u00eancias dos penedenses, pois por conta da pandemia de Covid-19 que ainda assola o Brasil, n\u00e3o foi poss\u00edvel realizar uma festa com p\u00fablico presente.<\/p>\n<p>Toda programa\u00e7\u00e3o foi transmitida ao vivo por meio do YouTube da Prefeitura de Penedo. A apresenta\u00e7\u00e3o desta noite pode ser acompanhada por meio do seguinte link.<\/p>\n<p>Se apresentaram na \u00faltima noite da festa virtual, as bandas Carcar\u00e1 do Forr\u00f3, tradicional trio p\u00e9 de serra penedense, Val H\u00e1villa e Banda desejo de amar, que levou para o p\u00fablico que acompanhava em suas resid\u00eancias, o melhor do forr\u00f3 das antigas.<\/p>\n<p>E a Banda Ases do forr\u00f3, que resgatou as antigas festas juninas com o xote e suas can\u00e7\u00f5es consagradas dos antigos eventos juninos.<\/p>\n<p>Tamb\u00e9m se apresentaram Dad\u00e1 Melo e Banda e Maxylene Cruz e Banda, no qual agitaram a todos que acompanhavam a Live com novos e consagrados sucessos do ritmo.<\/p>\n<p>Os artistas e bandas penedenses que se apresentaram nos dois dias de Live foram selecionados por meio do edital, divulgado previamente pela SEMCLEJ, recebendo caches com recursos pagos pela Prefeitura de Penedo.<\/p>\n<p>O Prefeito Ronaldo Lopes destacou a import\u00e2ncia de realizar um evento dessa categoria, transmitido online, dando oportunidade para que os artistas penedenses, que est\u00e3o sem se apresentar por conta da Covid-19, pudessem desenvolver seu trabalho e garantiu que futuramente, ap\u00f3s a pandemia, a gest\u00e3o Crescendo Com Seu Povo voltar\u00e1 a realizar festas no formato tradicional.<\/p>\n<p>Para a Secret\u00e1ria de Cultura, Lazer e Juventude Aliny Costa, a Live Junina Arroche o n\u00f3 foi um grande sucesso, com as pessoas em suas resid\u00eancias acompanhando n\u00e3o s\u00f3 de Penedo, mais em diversas partes de Alagoas e outros estados brasileiros.<\/p>\n<p>\u201cFoi uma grande produ\u00e7\u00e3o, com a participa\u00e7\u00e3o de artistas penedenses e toda uma estrutura exclusivamente montada para a realiza\u00e7\u00e3o desse evento, transmitido pelo Youtube da Prefeitura de Penedo\u201d, afirmou a Secret\u00e1ria Aliny Costa.<\/p>\n<p>&nbsp;<\/p>\n<p><strong>por Thiago Sobral &#8211; jornalista Decom PMP<\/strong><\/p>\n<p>&nbsp;<\/p>\n","protected":false},"excerpt":{"rendered":"<p>Na segunda noite do arrai\u00e1 virtual realizado pela Secretaria Municipal de Cultura, Lazer e Juventude (SEMCLJ) da Prefeitura de Penedo, ocorrida neste s\u00e1bado (26), teve muito forr\u00f3, quadrilhas juninas, xote e trio p\u00e9 de serra. Encerrando com sucesso o evento criado para animar os festejos juninos nas resid\u00eancias dos penedenses, pois por conta da pandemia &hellip;<\/p>\n","protected":false},"author":1,"featured_media":16951,"comment_status":"closed","ping_status":"closed","sticky":false,"template":"","format":"standard","meta":{"_jetpack_newsletter_access":"","_jetpack_dont_email_post_to_subs":false,"_jetpack_newsletter_tier_id":0,"_jetpack_memberships_contains_paywalled_content":false,"_jetpack_memberships_contains_paid_content":false,"footnotes":""},"categories":[1],"tags":[],"class_list":["post-16950","post","type-post","status-publish","format-standard","has-post-thumbnail","hentry","category-destaque"],"jetpack_sharing_enabled":true,"jetpack_featured_media_url":"","_links":{"self":[{"href":"https:\/\/www.oparanews.com.br\/index.php\/wp-json\/wp\/v2\/posts\/16950","targetHints":{"allow":["GET"]}}],"collection":[{"href":"https:\/\/www.oparanews.com.br\/index.php\/wp-json\/wp\/v2\/posts"}],"about":[{"href":"https:\/\/www.oparanews.com.br\/index.php\/wp-json\/wp\/v2\/types\/post"}],"author":[{"embeddable":true,"href":"https:\/\/www.oparanews.com.br\/index.php\/wp-json\/wp\/v2\/users\/1"}],"replies":[{"embeddable":true,"href":"https:\/\/www.oparanews.com.br\/index.php\/wp-json\/wp\/v2\/comments?post=16950"}],"version-history":[{"count":0,"href":"https:\/\/www.oparanews.com.br\/index.php\/wp-json\/wp\/v2\/posts\/16950\/revisions"}],"wp:attachment":[{"href":"https:\/\/www.oparanews.com.br\/index.php\/wp-json\/wp\/v2\/media?parent=16950"}],"wp:term":[{"taxonomy":"category","embeddable":true,"href":"https:\/\/www.oparanews.com.br\/index.php\/wp-json\/wp\/v2\/categories?post=16950"},{"taxonomy":"post_tag","embeddable":true,"href":"https:\/\/www.oparanews.com.br\/index.php\/wp-json\/wp\/v2\/tags?post=16950"}],"curies":[{"name":"wp","href":"https:\/\/api.w.org\/{rel}","templated":true}]}}