{"id":16953,"date":"2021-06-27T23:14:00","date_gmt":"2021-06-27T23:14:00","guid":{"rendered":"https:\/\/oparanews.com.br\/?p=16953"},"modified":"2021-06-27T23:14:00","modified_gmt":"2021-06-27T23:14:00","slug":"alagoas-registra-779-novos-casos-e-mais-21-mortes-por-covid-19","status":"publish","type":"post","link":"https:\/\/www.oparanews.com.br\/index.php\/2021\/06\/27\/alagoas-registra-779-novos-casos-e-mais-21-mortes-por-covid-19\/","title":{"rendered":"Alagoas registra 779 novos casos e mais 21 mortes por Covid-19"},"content":{"rendered":"<p>Alagoas registrou 779 novos casos e mais 21 mortes por Covid-19 nas \u00faltimas 24 horas. Os dados s\u00e3o do boletim epidemiol\u00f3gico da Secretaria de Estado da Sa\u00fade (Sa\u00fade). O total de \u00f3bitos subiu para 5.281.<\/p>\n<p>At\u00e9 agora o estado confirmou 214.509 casos da doen\u00e7a. 3.460 pacientes cumprem isolamento domiciliar.<\/p>\n<p>Outros 205.087 pacientes j\u00e1 cumpriram isolamento e s\u00e3o consideradas curadas. H\u00e1 ainda 13.075 casos em investiga\u00e7\u00e3o laboratorial.<\/p>\n<p><strong>Mais 21 mortes por Covid-19<\/strong><\/p>\n<p>Macei\u00f3: Homem, 79 anos- hipertenso<br \/>\nMacei\u00f3: Homem, 80 anos- hipertenso<br \/>\nMacei\u00f3: Homem, 84 anos- hipertenso e tinha doen\u00e7a cardiovascular cr\u00f4nica<br \/>\nMacei\u00f3: Mulher, 36 anos- obesa<br \/>\nMacei\u00f3: Mulher, 48 anos- diab\u00e9tica<br \/>\nMacei\u00f3: Mulher, 49 anos- hipertensa, obesa e tinha valvulopatia, esteatose hep\u00e1tica<br \/>\nMacei\u00f3: Mulher, 72 anos- hipertensa<br \/>\nSantana do Ipanema: Homem, 44 anos- sem comorbidades<br \/>\nDelmiro Gouveia: Homem, 49 anos- diab\u00e9tico e hipertenso<br \/>\nPorto de Pedras: Homem, 58 anos- diab\u00e9tico e obeso<br \/>\nIgreja Nova: Homem, 63 anos- hipertenso e tinha doen\u00e7a cardiovascular cr\u00f4nica<br \/>\nAtalaia: Homem, 72 anos- tinha Doen\u00e7a Pulmonar Obstrutiva Cr\u00f4nica (DPOC)<br \/>\nMajor Isidoro: Homem, 81 anos- diab\u00e9tico e hipertenso<br \/>\nArapiraca: Homem, 84 anos- hipertenso e diab\u00e9tico<br \/>\nJundi\u00e1: Homem, 96 anos- tinha Alzheimer<br \/>\nPindoba: Mulher, 37 anos- sem comorbidades<br \/>\nDelmiro Gouveia: Mulher, 53 anos- sem comorbidades<br \/>\nJoaquim Gomes: Mulher, 58 anos- diab\u00e9tica e tinha doen\u00e7a cardiovascular cr\u00f4nica<br \/>\nDelmiro Gouveia: Mulher, 63 anos- hipertensa tinha doen\u00e7a cardiovascular cr\u00f4nica e era tabagista<br \/>\nS\u00e3o Sebasti\u00e3o: Mulher, 72 a anos- hipertensa<br \/>\nBel\u00e9m: Mulher, 95 anos- diab\u00e9tica<\/p>\n<p>&nbsp;<\/p>\n<p><strong>Fonte: G1\/AL<\/strong><\/p>\n<p>&nbsp;<\/p>\n","protected":false},"excerpt":{"rendered":"<p>Alagoas registrou 779 novos casos e mais 21 mortes por Covid-19 nas \u00faltimas 24 horas. Os dados s\u00e3o do boletim epidemiol\u00f3gico da Secretaria de Estado da Sa\u00fade (Sa\u00fade). O total de \u00f3bitos subiu para 5.281. At\u00e9 agora o estado confirmou 214.509 casos da doen\u00e7a. 3.460 pacientes cumprem isolamento domiciliar. Outros 205.087 pacientes j\u00e1 cumpriram isolamento &hellip;<\/p>\n","protected":false},"author":1,"featured_media":13042,"comment_status":"closed","ping_status":"closed","sticky":false,"template":"","format":"standard","meta":{"_jetpack_newsletter_access":"","_jetpack_dont_email_post_to_subs":false,"_jetpack_newsletter_tier_id":0,"_jetpack_memberships_contains_paywalled_content":false,"_jetpack_memberships_contains_paid_content":false,"footnotes":""},"categories":[1],"tags":[],"class_list":["post-16953","post","type-post","status-publish","format-standard","has-post-thumbnail","hentry","category-destaque"],"jetpack_sharing_enabled":true,"jetpack_featured_media_url":"","_links":{"self":[{"href":"https:\/\/www.oparanews.com.br\/index.php\/wp-json\/wp\/v2\/posts\/16953","targetHints":{"allow":["GET"]}}],"collection":[{"href":"https:\/\/www.oparanews.com.br\/index.php\/wp-json\/wp\/v2\/posts"}],"about":[{"href":"https:\/\/www.oparanews.com.br\/index.php\/wp-json\/wp\/v2\/types\/post"}],"author":[{"embeddable":true,"href":"https:\/\/www.oparanews.com.br\/index.php\/wp-json\/wp\/v2\/users\/1"}],"replies":[{"embeddable":true,"href":"https:\/\/www.oparanews.com.br\/index.php\/wp-json\/wp\/v2\/comments?post=16953"}],"version-history":[{"count":0,"href":"https:\/\/www.oparanews.com.br\/index.php\/wp-json\/wp\/v2\/posts\/16953\/revisions"}],"wp:attachment":[{"href":"https:\/\/www.oparanews.com.br\/index.php\/wp-json\/wp\/v2\/media?parent=16953"}],"wp:term":[{"taxonomy":"category","embeddable":true,"href":"https:\/\/www.oparanews.com.br\/index.php\/wp-json\/wp\/v2\/categories?post=16953"},{"taxonomy":"post_tag","embeddable":true,"href":"https:\/\/www.oparanews.com.br\/index.php\/wp-json\/wp\/v2\/tags?post=16953"}],"curies":[{"name":"wp","href":"https:\/\/api.w.org\/{rel}","templated":true}]}}