{"id":16964,"date":"2021-06-27T23:25:30","date_gmt":"2021-06-27T23:25:30","guid":{"rendered":"https:\/\/oparanews.com.br\/?p=16964"},"modified":"2021-06-27T23:25:30","modified_gmt":"2021-06-27T23:25:30","slug":"motociclista-morre-ao-perder-controle-da-direcao-e-bater-em-poste-na-al-110","status":"publish","type":"post","link":"https:\/\/www.oparanews.com.br\/index.php\/2021\/06\/27\/motociclista-morre-ao-perder-controle-da-direcao-e-bater-em-poste-na-al-110\/","title":{"rendered":"Motociclista morre ao perder controle da dire\u00e7\u00e3o e bater em poste na AL-110"},"content":{"rendered":"<p>O motociclista identificado como Samuel Sousa de Oliveira Silva, 23 anos, morreu ap\u00f3s se chocar com um poste na rodovia AL-110, na regi\u00e3o conhecida como &#8216;S\u00edtio Salgado&#8217;, em Taquarana, munic\u00edpio 111 quil\u00f4metros distante da capital. O acidente foi registrado na madrugada deste domingo (27).<\/p>\n<p>Segundo informa\u00e7\u00f5es do Batalh\u00e3o de Pol\u00edcia Rodovi\u00e1ria (BPRv), que esteve no local da batida, o jovem pilotava o ve\u00edculo de modelo Honda\/CG 125 Fan KS, no sentido Arapiraca, quando teria perdido o controle direcional por motivo ainda desconhecido.<\/p>\n<p>Samuel n\u00e3o desviou a tempo do poste instalado \u00e0s margens da pista e o acertou em cheio. A moto dele foi encontrada com a parte frontal totalmente destru\u00edda.<\/p>\n<p>Uma equipe do Samu foi acionada, mas j\u00e1 encontrou o motociclista sem vida. Ap\u00f3s os trabalhos cab\u00edveis, o corpo de Samuel foi encaminhado para o IML de Arapiraca.<\/p>\n<p>&nbsp;<\/p>\n<p><strong>Fonte: TNH1<\/strong><\/p>\n<p>&nbsp;<\/p>\n","protected":false},"excerpt":{"rendered":"<p>O motociclista identificado como Samuel Sousa de Oliveira Silva, 23 anos, morreu ap\u00f3s se chocar com um poste na rodovia AL-110, na regi\u00e3o conhecida como &#8216;S\u00edtio Salgado&#8217;, em Taquarana, munic\u00edpio 111 quil\u00f4metros distante da capital. O acidente foi registrado na madrugada deste domingo (27). Segundo informa\u00e7\u00f5es do Batalh\u00e3o de Pol\u00edcia Rodovi\u00e1ria (BPRv), que esteve no &hellip;<\/p>\n","protected":false},"author":1,"featured_media":16965,"comment_status":"closed","ping_status":"closed","sticky":false,"template":"","format":"standard","meta":{"_jetpack_newsletter_access":"","_jetpack_dont_email_post_to_subs":false,"_jetpack_newsletter_tier_id":0,"_jetpack_memberships_contains_paywalled_content":false,"_jetpack_memberships_contains_paid_content":false,"footnotes":""},"categories":[1],"tags":[],"class_list":["post-16964","post","type-post","status-publish","format-standard","has-post-thumbnail","hentry","category-destaque"],"jetpack_sharing_enabled":true,"jetpack_featured_media_url":"","_links":{"self":[{"href":"https:\/\/www.oparanews.com.br\/index.php\/wp-json\/wp\/v2\/posts\/16964","targetHints":{"allow":["GET"]}}],"collection":[{"href":"https:\/\/www.oparanews.com.br\/index.php\/wp-json\/wp\/v2\/posts"}],"about":[{"href":"https:\/\/www.oparanews.com.br\/index.php\/wp-json\/wp\/v2\/types\/post"}],"author":[{"embeddable":true,"href":"https:\/\/www.oparanews.com.br\/index.php\/wp-json\/wp\/v2\/users\/1"}],"replies":[{"embeddable":true,"href":"https:\/\/www.oparanews.com.br\/index.php\/wp-json\/wp\/v2\/comments?post=16964"}],"version-history":[{"count":0,"href":"https:\/\/www.oparanews.com.br\/index.php\/wp-json\/wp\/v2\/posts\/16964\/revisions"}],"wp:attachment":[{"href":"https:\/\/www.oparanews.com.br\/index.php\/wp-json\/wp\/v2\/media?parent=16964"}],"wp:term":[{"taxonomy":"category","embeddable":true,"href":"https:\/\/www.oparanews.com.br\/index.php\/wp-json\/wp\/v2\/categories?post=16964"},{"taxonomy":"post_tag","embeddable":true,"href":"https:\/\/www.oparanews.com.br\/index.php\/wp-json\/wp\/v2\/tags?post=16964"}],"curies":[{"name":"wp","href":"https:\/\/api.w.org\/{rel}","templated":true}]}}