{"id":16970,"date":"2021-06-28T00:18:30","date_gmt":"2021-06-28T00:18:30","guid":{"rendered":"https:\/\/oparanews.com.br\/?p=16970"},"modified":"2021-06-28T00:18:30","modified_gmt":"2021-06-28T00:18:30","slug":"medico-penedense-assumira-cadeira-na-academia-alagoana-de-medicina","status":"publish","type":"post","link":"https:\/\/www.oparanews.com.br\/index.php\/2021\/06\/28\/medico-penedense-assumira-cadeira-na-academia-alagoana-de-medicina\/","title":{"rendered":"M\u00e9dico Penedense assumir\u00e1 cadeira na academia alagoana de medicina"},"content":{"rendered":"<p>Um dos mais conceituados e competentes profissionais da medicina alagoana, o renomado cardiologista penedense Dr. Francisco de Assis Costa, estar\u00e1 honrando o nome de Penedo mais uma vez, quando no pr\u00f3ximo dia 30 de junho \u00e0s 19:30 ir\u00e1 assumir uma cadeira na Academia Alagoana de Medicina.<\/p>\n<p>Segundo a Presidente da entidade a Acad\u00eamica Gl\u00e1ucia Maria de S\u00e1 e sua Diretoria , Dr. Francisco de Assis Costa ter\u00e1 o privil\u00e9gio, de assumir a cadeira de n\u00ba 18 que tem como patrono Dr. Togo Falc\u00e3o. A sauda\u00e7\u00e3o aos novos Acad\u00eamicos, ser\u00e1 feita pela a Acad\u00eamica Ana Dayse Rezende D\u00f3ria.<\/p>\n<p>Vale salientar, que os requisitos considerados para a admiss\u00e3o s\u00e3o: titula\u00e7\u00e3o acad\u00eamica: mestrado e doutorado. Resid\u00eancia m\u00e9dica reconhecida pelo MEC, especializa\u00e7\u00f5es m\u00e9dicas, trabalhos cient\u00edficos publicados no Brasil e exterior, participa\u00e7\u00f5es em congressos m\u00e9dicos, cargos e fun\u00e7\u00f5es exercidas na \u00e1rea de sa\u00fade, atividades de magist\u00e9rios superior , Presid\u00eancia de entidades associativas m\u00e9dicas, exerc\u00edcio da medicina por mais de 25 anos e, por fim reputa\u00e7\u00e3o ilibada. Boa sorte Dr. Francisco Costa, mais que merecedor e, grande conquista da Academia Alagoana de Medicina. Penedo se orgulha desse filho seu.<\/p>\n<p>&nbsp;<\/p>\n<p><strong>Fonte: Di\u00e1rio Penedense<\/strong><\/p>\n<p>&nbsp;<\/p>\n","protected":false},"excerpt":{"rendered":"<p>Um dos mais conceituados e competentes profissionais da medicina alagoana, o renomado cardiologista penedense Dr. Francisco de Assis Costa, estar\u00e1 honrando o nome de Penedo mais uma vez, quando no pr\u00f3ximo dia 30 de junho \u00e0s 19:30 ir\u00e1 assumir uma cadeira na Academia Alagoana de Medicina. Segundo a Presidente da entidade a Acad\u00eamica Gl\u00e1ucia Maria &hellip;<\/p>\n","protected":false},"author":1,"featured_media":16971,"comment_status":"closed","ping_status":"closed","sticky":false,"template":"","format":"standard","meta":{"_jetpack_newsletter_access":"","_jetpack_dont_email_post_to_subs":false,"_jetpack_newsletter_tier_id":0,"_jetpack_memberships_contains_paywalled_content":false,"_jetpack_memberships_contains_paid_content":false,"footnotes":""},"categories":[1],"tags":[],"class_list":["post-16970","post","type-post","status-publish","format-standard","has-post-thumbnail","hentry","category-destaque"],"jetpack_sharing_enabled":true,"jetpack_featured_media_url":"","_links":{"self":[{"href":"https:\/\/www.oparanews.com.br\/index.php\/wp-json\/wp\/v2\/posts\/16970","targetHints":{"allow":["GET"]}}],"collection":[{"href":"https:\/\/www.oparanews.com.br\/index.php\/wp-json\/wp\/v2\/posts"}],"about":[{"href":"https:\/\/www.oparanews.com.br\/index.php\/wp-json\/wp\/v2\/types\/post"}],"author":[{"embeddable":true,"href":"https:\/\/www.oparanews.com.br\/index.php\/wp-json\/wp\/v2\/users\/1"}],"replies":[{"embeddable":true,"href":"https:\/\/www.oparanews.com.br\/index.php\/wp-json\/wp\/v2\/comments?post=16970"}],"version-history":[{"count":0,"href":"https:\/\/www.oparanews.com.br\/index.php\/wp-json\/wp\/v2\/posts\/16970\/revisions"}],"wp:attachment":[{"href":"https:\/\/www.oparanews.com.br\/index.php\/wp-json\/wp\/v2\/media?parent=16970"}],"wp:term":[{"taxonomy":"category","embeddable":true,"href":"https:\/\/www.oparanews.com.br\/index.php\/wp-json\/wp\/v2\/categories?post=16970"},{"taxonomy":"post_tag","embeddable":true,"href":"https:\/\/www.oparanews.com.br\/index.php\/wp-json\/wp\/v2\/tags?post=16970"}],"curies":[{"name":"wp","href":"https:\/\/api.w.org\/{rel}","templated":true}]}}