{"id":16985,"date":"2021-06-28T19:09:30","date_gmt":"2021-06-28T19:09:30","guid":{"rendered":"https:\/\/oparanews.com.br\/?p=16985"},"modified":"2021-06-28T19:09:30","modified_gmt":"2021-06-28T19:09:30","slug":"taxa-de-ocupacao-de-leitos-de-uti-cai-em-al-mas-continua-em-nivel-elevado","status":"publish","type":"post","link":"https:\/\/www.oparanews.com.br\/index.php\/2021\/06\/28\/taxa-de-ocupacao-de-leitos-de-uti-cai-em-al-mas-continua-em-nivel-elevado\/","title":{"rendered":"Taxa de ocupa\u00e7\u00e3o de leitos de UTI cai em AL, mas continua em n\u00edvel elevado"},"content":{"rendered":"<p>Apesar de ter reduzido, a taxa de ocupa\u00e7\u00e3o de leitos de UTI em Alagoas para pessoas com Covid-19 continua em n\u00edvel elevado. Os pesquisadores do Observat\u00f3rio Alagoano de Pol\u00edticas P\u00fablicas para o Enfrentamento da Covid-19 apontaram, em relat\u00f3rio divulgado nesta segunda-feira (28), que a maioria das cidades que oferecem esse tipo de leito est\u00e1 com \u00edndice acima de 80%.<\/p>\n<p>O estudo aponta para os dados colhidos durante a 25\u00aa Semana Epidemiol\u00f3gica (de 20 a 26 de junho). Dos dez munic\u00edpios alagoanos com leitos de UTI para tratamento da Covid (incluindo Delmiro Gouveia, onde foi inaugurado um hospital recentemente), seis permaneciam com taxa de ocupa\u00e7\u00e3o igual ou superior a 80%, sendo que Arapiraca, Coruripe e Palmeira dos \u00cdndios registravam 100% de ocupa\u00e7\u00e3o.<\/p>\n<p>Entre as ocupa\u00e7\u00f5es mais baixas, estavam Uni\u00e3o dos Palmares e Porto Calvo, que registraram neste taxas iguais a 33% e 50%, respectivamente.<\/p>\n<p>No domingo, o indicador geral estava em 77%, com 309 leitos ocupados de uma oferta de 400. Desde o in\u00edcio da segunda quinzena que a taxa de ocupa\u00e7\u00e3o de leitos de UTI n\u00e3o ficava abaixo de 80% em Alagoas.<\/p>\n<p>Na 25\u00aa Semana, Alagoas contabilizou 5.367 casos da doen\u00e7a e 146 \u00f3bitos pela Covid-19. Um redu\u00e7\u00e3o de 9% nos casos confirmados e um aumento de 12% no n\u00famero de mortes.<\/p>\n<p>Segundo a Secretaria de Estado da Sa\u00fade (Sa\u00fade), j\u00e1 s\u00e3o 5.281 mortos pela doen\u00e7a em Alagoas. O n\u00famero de infectados chegou a 214.509.<\/p>\n<p>&nbsp;<\/p>\n<p><strong>Fonte: G1\/AL<\/strong><\/p>\n<p>&nbsp;<\/p>\n","protected":false},"excerpt":{"rendered":"<p>Apesar de ter reduzido, a taxa de ocupa\u00e7\u00e3o de leitos de UTI em Alagoas para pessoas com Covid-19 continua em n\u00edvel elevado. Os pesquisadores do Observat\u00f3rio Alagoano de Pol\u00edticas P\u00fablicas para o Enfrentamento da Covid-19 apontaram, em relat\u00f3rio divulgado nesta segunda-feira (28), que a maioria das cidades que oferecem esse tipo de leito est\u00e1 com &hellip;<\/p>\n","protected":false},"author":1,"featured_media":16986,"comment_status":"closed","ping_status":"closed","sticky":false,"template":"","format":"standard","meta":{"_jetpack_newsletter_access":"","_jetpack_dont_email_post_to_subs":false,"_jetpack_newsletter_tier_id":0,"_jetpack_memberships_contains_paywalled_content":false,"_jetpack_memberships_contains_paid_content":false,"footnotes":""},"categories":[1],"tags":[],"class_list":["post-16985","post","type-post","status-publish","format-standard","has-post-thumbnail","hentry","category-destaque"],"jetpack_sharing_enabled":true,"jetpack_featured_media_url":"","_links":{"self":[{"href":"https:\/\/www.oparanews.com.br\/index.php\/wp-json\/wp\/v2\/posts\/16985","targetHints":{"allow":["GET"]}}],"collection":[{"href":"https:\/\/www.oparanews.com.br\/index.php\/wp-json\/wp\/v2\/posts"}],"about":[{"href":"https:\/\/www.oparanews.com.br\/index.php\/wp-json\/wp\/v2\/types\/post"}],"author":[{"embeddable":true,"href":"https:\/\/www.oparanews.com.br\/index.php\/wp-json\/wp\/v2\/users\/1"}],"replies":[{"embeddable":true,"href":"https:\/\/www.oparanews.com.br\/index.php\/wp-json\/wp\/v2\/comments?post=16985"}],"version-history":[{"count":0,"href":"https:\/\/www.oparanews.com.br\/index.php\/wp-json\/wp\/v2\/posts\/16985\/revisions"}],"wp:attachment":[{"href":"https:\/\/www.oparanews.com.br\/index.php\/wp-json\/wp\/v2\/media?parent=16985"}],"wp:term":[{"taxonomy":"category","embeddable":true,"href":"https:\/\/www.oparanews.com.br\/index.php\/wp-json\/wp\/v2\/categories?post=16985"},{"taxonomy":"post_tag","embeddable":true,"href":"https:\/\/www.oparanews.com.br\/index.php\/wp-json\/wp\/v2\/tags?post=16985"}],"curies":[{"name":"wp","href":"https:\/\/api.w.org\/{rel}","templated":true}]}}