{"id":16988,"date":"2021-06-28T19:14:58","date_gmt":"2021-06-28T19:14:58","guid":{"rendered":"https:\/\/oparanews.com.br\/?p=16988"},"modified":"2021-06-28T19:14:58","modified_gmt":"2021-06-28T19:14:58","slug":"filho-de-vereador-e-encontrado-morto-com-marca-de-tiro-em-santana-do-ipanema","status":"publish","type":"post","link":"https:\/\/www.oparanews.com.br\/index.php\/2021\/06\/28\/filho-de-vereador-e-encontrado-morto-com-marca-de-tiro-em-santana-do-ipanema\/","title":{"rendered":"Filho de vereador \u00e9 encontrado morto com marca de tiro em Santana do Ipanema"},"content":{"rendered":"<p>Rodolfo Oliveira, 29 anos, foi encontrado morto com marca de tiro dentro de um carro nesta segunda-feira (28), no munic\u00edpio de Santana do Ipanema, no Sert\u00e3o alagoano. O jovem \u00e9 filho do vereador Roberto Oliveira (MDB).<\/p>\n<p>H\u00e1 duas vers\u00f5es para a morte: a de que o filho do vereador tenha cometido suic\u00eddio e a de que ele tenha sido assassinato. Somente a investiga\u00e7\u00e3o da Pol\u00edcia Civil vai esclarecer o caso.<\/p>\n<p>Por volta das 8h20, policiais do 7\u00ba Batalh\u00e3o de Pol\u00edcia Militar (7\u00ba BPM) foram acionados para verificar uma poss\u00edvel colis\u00e3o na Rua Marileide Bulh\u00f5es, no bairro Monumento, mas encontraram um carro atravessado na rua, com um jovem dentro com um tiro na cabe\u00e7a.<\/p>\n<p>Familiares que estavam no local falaram para a pol\u00edcia sobre a possibilidade de suic\u00eddio.<\/p>\n<p>Os policiais militares isolaram o local e chamaram o Instituto M\u00e9dico Legal (IML) e o Instituto de Criminal\u00edstica (IC).<\/p>\n<p>&nbsp;<\/p>\n<p><strong>Fonte: G1\/AL<\/strong><\/p>\n<p>&nbsp;<\/p>\n","protected":false},"excerpt":{"rendered":"<p>Rodolfo Oliveira, 29 anos, foi encontrado morto com marca de tiro dentro de um carro nesta segunda-feira (28), no munic\u00edpio de Santana do Ipanema, no Sert\u00e3o alagoano. O jovem \u00e9 filho do vereador Roberto Oliveira (MDB). H\u00e1 duas vers\u00f5es para a morte: a de que o filho do vereador tenha cometido suic\u00eddio e a de &hellip;<\/p>\n","protected":false},"author":1,"featured_media":16989,"comment_status":"closed","ping_status":"closed","sticky":false,"template":"","format":"standard","meta":{"_jetpack_newsletter_access":"","_jetpack_dont_email_post_to_subs":false,"_jetpack_newsletter_tier_id":0,"_jetpack_memberships_contains_paywalled_content":false,"_jetpack_memberships_contains_paid_content":false,"footnotes":""},"categories":[1],"tags":[],"class_list":["post-16988","post","type-post","status-publish","format-standard","has-post-thumbnail","hentry","category-destaque"],"jetpack_sharing_enabled":true,"jetpack_featured_media_url":"","_links":{"self":[{"href":"https:\/\/www.oparanews.com.br\/index.php\/wp-json\/wp\/v2\/posts\/16988","targetHints":{"allow":["GET"]}}],"collection":[{"href":"https:\/\/www.oparanews.com.br\/index.php\/wp-json\/wp\/v2\/posts"}],"about":[{"href":"https:\/\/www.oparanews.com.br\/index.php\/wp-json\/wp\/v2\/types\/post"}],"author":[{"embeddable":true,"href":"https:\/\/www.oparanews.com.br\/index.php\/wp-json\/wp\/v2\/users\/1"}],"replies":[{"embeddable":true,"href":"https:\/\/www.oparanews.com.br\/index.php\/wp-json\/wp\/v2\/comments?post=16988"}],"version-history":[{"count":0,"href":"https:\/\/www.oparanews.com.br\/index.php\/wp-json\/wp\/v2\/posts\/16988\/revisions"}],"wp:attachment":[{"href":"https:\/\/www.oparanews.com.br\/index.php\/wp-json\/wp\/v2\/media?parent=16988"}],"wp:term":[{"taxonomy":"category","embeddable":true,"href":"https:\/\/www.oparanews.com.br\/index.php\/wp-json\/wp\/v2\/categories?post=16988"},{"taxonomy":"post_tag","embeddable":true,"href":"https:\/\/www.oparanews.com.br\/index.php\/wp-json\/wp\/v2\/tags?post=16988"}],"curies":[{"name":"wp","href":"https:\/\/api.w.org\/{rel}","templated":true}]}}